{"id":1682,"date":"2010-08-15T19:39:25","date_gmt":"2010-08-15T22:39:25","guid":{"rendered":"http:\/\/hervalfilho.wordpress.com\/?p=1682"},"modified":"2025-04-17T19:40:31","modified_gmt":"2025-04-17T22:40:31","slug":"que-venha-a-primavera","status":"publish","type":"post","link":"https:\/\/hervalfilho.com.br\/index.php\/2010\/08\/15\/que-venha-a-primavera\/","title":{"rendered":"Que venha a primavera!"},"content":{"rendered":"\n<p class=\"has-text-align-center\">Noites frias<\/p>\n\n\n\n<p class=\"has-text-align-center\">Meus pensamentos vagam<\/p>\n\n\n\n<p class=\"has-text-align-center\">L\u00e1 fora o ar gelado de Curitiba<\/p>\n\n\n\n<p class=\"has-text-align-center\">A lareira esquenta o corpo<\/p>\n\n\n\n<p class=\"has-text-align-center\">Minha alma sente frio<\/p>\n\n\n\n<p class=\"has-text-align-center\">Meu copo est\u00e1 vazio.<\/p>\n\n\n\n<hr class=\"wp-block-separator has-css-opacity\"\/>\n\n\n\n<p class=\"has-text-align-center\">Minhas m\u00e3os sem as suas<\/p>\n\n\n\n<p class=\"has-text-align-center\">S\u00e3o como duas estradas paralelas<\/p>\n\n\n\n<p class=\"has-text-align-center\">Elas nunca se encontram<\/p>\n\n\n\n<hr class=\"wp-block-separator has-css-opacity\"\/>\n\n\n\n<p class=\"has-text-align-center\">Mas eu desejo te ver de novo<\/p>\n\n\n\n<p class=\"has-text-align-center\">Ser\u00e1 como ver os sol nascendo<\/p>\n\n\n\n<p class=\"has-text-align-center\">Num horizonte sem fim<\/p>\n\n\n\n<hr class=\"wp-block-separator has-css-opacity\"\/>\n\n\n\n<p class=\"has-text-align-center\">Enfim, quem sabe um final feliz<\/p>\n\n\n\n<p class=\"has-text-align-center\">Tudo \u00e9 poss\u00edvel para quem ama<\/p>\n\n\n\n<p class=\"has-text-align-center\">Ser\u00e1 que \u00e9 tarde?<\/p>\n\n\n\n<hr class=\"wp-block-separator has-css-opacity\"\/>\n\n\n\n<p class=\"has-text-align-center\">\u00c9 inverno nos meus dias<\/p>\n\n\n\n<p class=\"has-text-align-center\">E ver\u00e3o no meu cora\u00e7\u00e3o<\/p>\n\n\n\n<p class=\"has-text-align-center\">Amar voc\u00ea \u00e9 esquecer do outono<\/p>\n\n\n\n<p class=\"has-text-align-center\">Desejando te encontrar numa primavera.<\/p>\n","protected":false},"excerpt":{"rendered":"<p>Noites frias Meus pensamentos vagam L\u00e1 fora o ar gelado de Curitiba A lareira esquenta o corpo Minha alma sente frio Meu copo est\u00e1 vazio. Minhas m\u00e3os sem as suas S\u00e3o como duas estradas paralelas Elas nunca se encontram Mas&#8230;<\/p>\n","protected":false},"author":1,"featured_media":2702,"comment_status":"open","ping_status":"open","sticky":false,"template":"","format":"standard","meta":{"om_disable_all_campaigns":false,"_monsterinsights_skip_tracking":false,"_monsterinsights_sitenote_active":false,"_monsterinsights_sitenote_note":"","_monsterinsights_sitenote_category":0,"_kadence_starter_templates_imported_post":false,"_jetpack_memberships_contains_paid_content":false,"footnotes":""},"categories":[23],"tags":[141],"class_list":["post-1682","post","type-post","status-publish","format-standard","has-post-thumbnail","hentry","category-poesias","tag-poesias"],"aioseo_notices":[],"jetpack_featured_media_url":"https:\/\/i0.wp.com\/hervalfilho.com.br\/wp-content\/uploads\/2021\/09\/primavera-1.jpg?fit=330%2C236&ssl=1","jetpack_likes_enabled":true,"jetpack_sharing_enabled":true,"_links":{"self":[{"href":"https:\/\/hervalfilho.com.br\/index.php\/wp-json\/wp\/v2\/posts\/1682","targetHints":{"allow":["GET"]}}],"collection":[{"href":"https:\/\/hervalfilho.com.br\/index.php\/wp-json\/wp\/v2\/posts"}],"about":[{"href":"https:\/\/hervalfilho.com.br\/index.php\/wp-json\/wp\/v2\/types\/post"}],"author":[{"embeddable":true,"href":"https:\/\/hervalfilho.com.br\/index.php\/wp-json\/wp\/v2\/users\/1"}],"replies":[{"embeddable":true,"href":"https:\/\/hervalfilho.com.br\/index.php\/wp-json\/wp\/v2\/comments?post=1682"}],"version-history":[{"count":2,"href":"https:\/\/hervalfilho.com.br\/index.php\/wp-json\/wp\/v2\/posts\/1682\/revisions"}],"predecessor-version":[{"id":3038,"href":"https:\/\/hervalfilho.com.br\/index.php\/wp-json\/wp\/v2\/posts\/1682\/revisions\/3038"}],"wp:featuredmedia":[{"embeddable":true,"href":"https:\/\/hervalfilho.com.br\/index.php\/wp-json\/wp\/v2\/media\/2702"}],"wp:attachment":[{"href":"https:\/\/hervalfilho.com.br\/index.php\/wp-json\/wp\/v2\/media?parent=1682"}],"wp:term":[{"taxonomy":"category","embeddable":true,"href":"https:\/\/hervalfilho.com.br\/index.php\/wp-json\/wp\/v2\/categories?post=1682"},{"taxonomy":"post_tag","embeddable":true,"href":"https:\/\/hervalfilho.com.br\/index.php\/wp-json\/wp\/v2\/tags?post=1682"}],"curies":[{"name":"wp","href":"https:\/\/api.w.org\/{rel}","templated":true}]}}