{"id":1803,"date":"2010-09-08T19:23:25","date_gmt":"2010-09-08T22:23:25","guid":{"rendered":"http:\/\/hervalfilho.wordpress.com\/?p=1803"},"modified":"2010-09-08T19:23:25","modified_gmt":"2010-09-08T22:23:25","slug":"brasil-mostre-a-sua-cara","status":"publish","type":"post","link":"https:\/\/hervalfilho.com.br\/index.php\/2010\/09\/08\/brasil-mostre-a-sua-cara\/","title":{"rendered":"Brasil mostre a sua cara!"},"content":{"rendered":"\n<p><em>Resolvi transformar num post um coment\u00e1rio que fiz em resposta ao artigo colocado pelo amigo Gilberto (Giba) <a href=\"http:\/\/www.gibanet.com\" target=\"_blank\" rel=\"noopener\">http:\/\/www.gibanet.com<\/a> intitulado \u201cUm viva ao dia da independ\u00eancia\u201d para que todos n\u00f3s possamos refletir sobre os rumos que queremos dar ao nosso pa\u00eds.<\/em><\/p>\n\n\n\n<div class=\"wp-block-image\"><figure class=\"aligncenter\"><a href=\"https:\/\/i0.wp.com\/hervalfilho.com.br\/wp-content\/uploads\/2010\/09\/analfabeto.jpg?ssl=1\"><img data-recalc-dims=\"1\" loading=\"lazy\" decoding=\"async\" width=\"314\" height=\"227\" src=\"https:\/\/i0.wp.com\/hervalfilho.com.br\/wp-content\/uploads\/2010\/09\/analfabeto.jpg?resize=314%2C227&#038;ssl=1\" alt=\"\" class=\"wp-image-1806\" title=\"analfabeto\" srcset=\"https:\/\/i0.wp.com\/hervalfilho.com.br\/wp-content\/uploads\/2010\/09\/analfabeto.jpg?w=314&amp;ssl=1 314w, https:\/\/i0.wp.com\/hervalfilho.com.br\/wp-content\/uploads\/2010\/09\/analfabeto.jpg?resize=300%2C217&amp;ssl=1 300w\" sizes=\"auto, (max-width: 314px) 100vw, 314px\" \/><\/a><\/figure><\/div>\n\n\n\n<p><span style=\"border-collapse:collapse;line-height:30px;font-size:medium;\">N<\/span><span style=\"line-height:23px;font-size:14px;\">enhum pa\u00eds \u00e9 totalmente independente sob o ponto de vista comercial; isso \u00e9 um ponto. Tampouco \u00e9 independente sob o aspecto pol\u00edtico no que tange as rela\u00e7\u00f5es internacionais, visto que quando h\u00e1 um conflito de interesses entre os membros de uma organiza\u00e7\u00e3o ele, o pa\u00eds, \u00e9 &#8220;convidado&#8221; a se posicionar. Se mantiver uma postura neutra, como faz o Brasil em in\u00fameras ocasi\u00f5es, fica fora da &#8220;festa&#8221; mundial. Essa \u00e9 uma an\u00e1lise simplista da minha parte.<\/span><\/p>\n\n\n\n<p>Discutir o nosso pa\u00eds sob o aspecto pol\u00edtico \u00e9 ris\u00edvel. Quase n\u00e3o temos pol\u00edticos fi\u00e9is aos programas dos partidos e sim pol\u00edticos que fazem carreira de acordo com as vantagens oferecidas a eles. Temos casos de pol\u00edticos que foram do antigo PFL, atual DEM, que hoje est\u00e3o no PMDB, que um dia foi o basti\u00e3o da moral oposicionista, quando se chamava MDB. Eu tenho 50 anos e sei do que estou falando. N\u00e3o discuto gosto pol\u00edtico; cada um tem o seu. Vejo muitos falarem mal da Dilma, bem da Marina e do Serra alguns gostam, porque se acham integrantes de uma &#8220;elite&#8221; que possui diploma de n\u00edvel universit\u00e1rio ou como se auto-proclamam, 4% da popula\u00e7\u00e3o instru\u00edda, segregando-se de todo o resto do pa\u00eds como se fossem descendentes de um povo ariano, tal qual um dia acreditou Hitler.<\/p>\n\n\n\n<p>Enquanto isso, ningu\u00e9m discute o fato de sermos 14 milh\u00f5es de analfabetos com mais de 15 anos, vou repetir em n\u00fameros, 14.000.000 de analfabetos no mundo, segundo dados da Campanha Latino-Americana pelo Direito \u00e0 Educa\u00e7\u00e3o (<a href=\"http:\/\/www.campanaderechoeducacion.org\/\" target=\"_blank\" rel=\"noopener\">Clade<\/a>), dentre 800 milh\u00f5es. S\u00f3 para falar em Am\u00e9rica Latina e Caribe, dos 19 pa\u00edses pesquisados estamos na 14a. posi\u00e7\u00e3o ou 11,4% da nossa popula\u00e7\u00e3o. S\u00f3 estamos \u00e0 frente de pa\u00edses como Peru, Bol\u00edvia, Honduras, Nicar\u00e1gua e Guatemala, que possui quase 31% de analfabetos.<\/p>\n\n\n\n<p>Em suma, meu caro amigo, no dia em que reduzirmos efetivamente a nossa popula\u00e7\u00e3o de analfabetos e aqueles que se dizem elite por fazerem parte de um universo de apenas 4% da popula\u00e7\u00e3o instru\u00edda entender que n\u00e3o s\u00e3o elite po**a nenhuma, a\u00ed sim, poderemos dizer que somos um pa\u00eds independente.<\/p>\n\n\n\n<p>Sauda\u00e7\u00f5es e parab\u00e9ns pelo texto que nos faz refletir. Desculpas pelo longo coment\u00e1rio.<\/p>\n\n\n\n<figure class=\"wp-block-image\"><a href=\"http:\/\/www.mylivesignature.com\" target=\"_blank\" rel=\"noopener\"><img data-recalc-dims=\"1\" decoding=\"async\" src=\"https:\/\/i0.wp.com\/signatures.mylivesignature.com\/85809\/hervalfilho\/d3a7a4db93543841ec0e60e6f5d1280a.png?w=640\" alt=\"\" \/><\/a><\/figure>\n\n\n\n<p>Um brasileiro alfabetizado<\/p>\n","protected":false},"excerpt":{"rendered":"<p>Resolvi transformar num post um coment\u00e1rio que fiz em resposta ao artigo colocado pelo amigo Gilberto (Giba) http:\/\/www.gibanet.com intitulado \u201cUm viva ao dia da independ\u00eancia\u201d para que todos n\u00f3s possamos refletir sobre os rumos que queremos dar ao nosso pa\u00eds&#8230;.<\/p>\n","protected":false},"author":1,"featured_media":0,"comment_status":"open","ping_status":"open","sticky":false,"template":"","format":"standard","meta":{"om_disable_all_campaigns":false,"_monsterinsights_skip_tracking":false,"_monsterinsights_sitenote_active":false,"_monsterinsights_sitenote_note":"","_monsterinsights_sitenote_category":0,"_kadence_starter_templates_imported_post":false,"_jetpack_memberships_contains_paid_content":false,"footnotes":""},"categories":[29],"tags":[76,77,142,157],"class_list":["post-1803","post","type-post","status-publish","format-standard","hentry","category-reflexoes","tag-educacao","tag-eleicao","tag-politica","tag-reflexao"],"aioseo_notices":[],"jetpack_featured_media_url":"","jetpack_likes_enabled":true,"jetpack_sharing_enabled":true,"_links":{"self":[{"href":"https:\/\/hervalfilho.com.br\/index.php\/wp-json\/wp\/v2\/posts\/1803","targetHints":{"allow":["GET"]}}],"collection":[{"href":"https:\/\/hervalfilho.com.br\/index.php\/wp-json\/wp\/v2\/posts"}],"about":[{"href":"https:\/\/hervalfilho.com.br\/index.php\/wp-json\/wp\/v2\/types\/post"}],"author":[{"embeddable":true,"href":"https:\/\/hervalfilho.com.br\/index.php\/wp-json\/wp\/v2\/users\/1"}],"replies":[{"embeddable":true,"href":"https:\/\/hervalfilho.com.br\/index.php\/wp-json\/wp\/v2\/comments?post=1803"}],"version-history":[{"count":0,"href":"https:\/\/hervalfilho.com.br\/index.php\/wp-json\/wp\/v2\/posts\/1803\/revisions"}],"wp:attachment":[{"href":"https:\/\/hervalfilho.com.br\/index.php\/wp-json\/wp\/v2\/media?parent=1803"}],"wp:term":[{"taxonomy":"category","embeddable":true,"href":"https:\/\/hervalfilho.com.br\/index.php\/wp-json\/wp\/v2\/categories?post=1803"},{"taxonomy":"post_tag","embeddable":true,"href":"https:\/\/hervalfilho.com.br\/index.php\/wp-json\/wp\/v2\/tags?post=1803"}],"curies":[{"name":"wp","href":"https:\/\/api.w.org\/{rel}","templated":true}]}}