{"id":19,"date":"2010-02-09T05:08:00","date_gmt":"2010-02-09T08:08:00","guid":{"rendered":"http:\/\/hervalfilho.wordpress.com\/2010\/02\/09\/pais-e-filhos-3"},"modified":"2010-02-09T05:08:00","modified_gmt":"2010-02-09T08:08:00","slug":"pais-e-filhos-3","status":"publish","type":"post","link":"https:\/\/hervalfilho.com.br\/index.php\/2010\/02\/09\/pais-e-filhos-3\/","title":{"rendered":"Sendo apenas pais e filhos"},"content":{"rendered":"\n<p class=\"has-text-align-justify\">Filhos crescem e ganham o mundo; frase mais que verdadeira.<\/p>\n\n\n\n<p class=\"has-text-align-justify\">Enquanto isso, envelhecemos, viramos \u201c<em>coroas<\/em>\u201d, ultrapassados e ouvimos frases do tipo &#8220;<em>Pai\/m\u00e3e, eu n\u00e3o sou mais uma crian\u00e7a: j\u00e1 sou um homem! (ou mulher)<\/em>&#8220;.<\/p>\n\n\n\n<p class=\"has-text-align-justify\">Na verdade, n\u00f3s temos a dificuldade de entender o que eles, nossos filhos, querem nos dizer. Esquecemos que um dia tamb\u00e9m fomos, ou ainda somos, filhos de algu\u00e9m. Agora, no papel de pai, ou de m\u00e3e, ou, ainda, no papel de \u201cp\u00e3es\u201d = pai + m\u00e3e (n\u00e3o confundir com o plural de p\u00e3o), assumimos que <span style=\"text-decoration:underline;\">nunca dissemos tal frase aos nossos pais<\/span>.<\/p>\n\n\n\n<p class=\"has-text-align-justify\">Bem l\u00e1, no fundo da raz\u00e3o, ainda vemos os nossos filhos como as crian\u00e7as que um dia eles foram. Temos medo de perd\u00ea-los para este mundo. N\u00e3o queremos que eles passem pelas mesmas sofridas experi\u00eancias que passamos. N\u00f3s os amamos tanto que brigamos com eles e sofremos calados a espera de uma reconcilia\u00e7\u00e3o.<\/p>\n\n\n\n<p class=\"has-text-align-justify\">N\u00e3o existe uma f\u00f3rmula infal\u00edvel para criar filhos e se existisse teria validade bem curta, porque n\u00e3o resistiria a uma nova gera\u00e7\u00e3o que j\u00e1 vir\u00e1 predestinada a mudar conceitos, f\u00f3rmulas e paradigmas. <\/p>\n\n\n\n<p>Por tudo isso, acredito, \u00e9 uma d\u00e1diva divina a capacidade que temos de doar amor a um filho, seja ele biol\u00f3gico ou do cora\u00e7\u00e3o, porque quem ama o faz sem distin\u00e7\u00e3o.<\/p>\n\n\n\n<p class=\"has-text-align-justify\">Apenas ama, incondicionalmente.<\/p>\n\n\n\n<figure class=\"wp-block-image\"><img data-recalc-dims=\"1\" decoding=\"async\" src=\"https:\/\/i0.wp.com\/signatures.mylivesignature.com\/85809\/hervalfilho\/6c82b32934c7036443b92ed0b6f523c3.png?w=640\" alt=\"\"\/><\/figure>\n\n\n\n<p><\/p>\n","protected":false},"excerpt":{"rendered":"<p>Como \u00e9 bom ter filhos. Como d\u00e1 trabalho t\u00ea-los. Como \u00e9 indescrit\u00edvel a sensa\u00e7\u00e3o de ser pai ou m\u00e3e. Como eles crescem e se transformam em seres completamente diferente daquilo que planejamos. Como&#8230;., como&#8230;.. Se ser m\u00e3e \u00e9 padecer no para\u00edso, ser pai, ent\u00e3o, \u00e9 pra quem tem ju\u00edzo! Aqueles que s\u00e3o pai e m\u00e3e, ao mesmo tempo, padecem, porque renunciam a muitos prazeres da vida e se desdobram em duas almas t\u00e3o antag\u00f4nicas e complementares, homem e mulher, que sequer sabem, ao final da jornada, se conseguiram ter sucesso ou fracasso no desempenho de ambos os pap\u00e9is. Eu sei muito bem daquilo que estou falando por ser um p\u00e3e, neologismo criado para definir o pai que tamb\u00e9m \u00e9 m\u00e3e.<\/p>\n","protected":false},"author":1,"featured_media":2787,"comment_status":"open","ping_status":"open","sticky":false,"template":"","format":"standard","meta":{"om_disable_all_campaigns":false,"_monsterinsights_skip_tracking":false,"_monsterinsights_sitenote_active":false,"_monsterinsights_sitenote_note":"","_monsterinsights_sitenote_category":0,"_kadence_starter_templates_imported_post":false,"_jetpack_memberships_contains_paid_content":false,"footnotes":""},"categories":[23],"tags":[87,90,223],"class_list":["post-19","post","type-post","status-publish","format-standard","has-post-thumbnail","hentry","category-poesias","tag-familia","tag-filhos","tag-pais"],"aioseo_notices":[],"jetpack_featured_media_url":"https:\/\/i0.wp.com\/hervalfilho.com.br\/wp-content\/uploads\/2021\/09\/amor-de-pai1.jpg?fit=300%2C199&ssl=1","jetpack_likes_enabled":true,"jetpack_sharing_enabled":true,"_links":{"self":[{"href":"https:\/\/hervalfilho.com.br\/index.php\/wp-json\/wp\/v2\/posts\/19","targetHints":{"allow":["GET"]}}],"collection":[{"href":"https:\/\/hervalfilho.com.br\/index.php\/wp-json\/wp\/v2\/posts"}],"about":[{"href":"https:\/\/hervalfilho.com.br\/index.php\/wp-json\/wp\/v2\/types\/post"}],"author":[{"embeddable":true,"href":"https:\/\/hervalfilho.com.br\/index.php\/wp-json\/wp\/v2\/users\/1"}],"replies":[{"embeddable":true,"href":"https:\/\/hervalfilho.com.br\/index.php\/wp-json\/wp\/v2\/comments?post=19"}],"version-history":[{"count":2,"href":"https:\/\/hervalfilho.com.br\/index.php\/wp-json\/wp\/v2\/posts\/19\/revisions"}],"predecessor-version":[{"id":2969,"href":"https:\/\/hervalfilho.com.br\/index.php\/wp-json\/wp\/v2\/posts\/19\/revisions\/2969"}],"wp:featuredmedia":[{"embeddable":true,"href":"https:\/\/hervalfilho.com.br\/index.php\/wp-json\/wp\/v2\/media\/2787"}],"wp:attachment":[{"href":"https:\/\/hervalfilho.com.br\/index.php\/wp-json\/wp\/v2\/media?parent=19"}],"wp:term":[{"taxonomy":"category","embeddable":true,"href":"https:\/\/hervalfilho.com.br\/index.php\/wp-json\/wp\/v2\/categories?post=19"},{"taxonomy":"post_tag","embeddable":true,"href":"https:\/\/hervalfilho.com.br\/index.php\/wp-json\/wp\/v2\/tags?post=19"}],"curies":[{"name":"wp","href":"https:\/\/api.w.org\/{rel}","templated":true}]}}