{"id":2087,"date":"2010-12-13T11:15:38","date_gmt":"2010-12-13T14:15:38","guid":{"rendered":"http:\/\/hervalfilho.wordpress.com\/?p=2087"},"modified":"2010-12-13T11:15:38","modified_gmt":"2010-12-13T14:15:38","slug":"entao-e-natal","status":"publish","type":"post","link":"https:\/\/hervalfilho.com.br\/index.php\/2010\/12\/13\/entao-e-natal\/","title":{"rendered":"Ent\u00e3o \u00e9 Natal! (cr\u00f4nica)"},"content":{"rendered":"\n<div class=\"wp-block-image\"><figure class=\"aligncenter\"><a href=\"https:\/\/i0.wp.com\/hervalfilho.com.br\/wp-content\/uploads\/2010\/12\/natal.jpg?ssl=1\"><img data-recalc-dims=\"1\" loading=\"lazy\" decoding=\"async\" width=\"448\" height=\"300\" src=\"https:\/\/i0.wp.com\/hervalfilho.com.br\/wp-content\/uploads\/2010\/12\/natal.jpg?resize=448%2C300&#038;ssl=1\" alt=\"\" class=\"wp-image-2089\" srcset=\"https:\/\/i0.wp.com\/hervalfilho.com.br\/wp-content\/uploads\/2010\/12\/natal.jpg?w=448&amp;ssl=1 448w, https:\/\/i0.wp.com\/hervalfilho.com.br\/wp-content\/uploads\/2010\/12\/natal.jpg?resize=300%2C201&amp;ssl=1 300w\" sizes=\"auto, (max-width: 448px) 100vw, 448px\" \/><\/a><figcaption>Ent\u00e3o \u00e9 Natal!<\/figcaption><\/figure><\/div>\n\n\n\n<p>\u00c9 tempo de Natal e todos sabem que \u00e9. Basta sair nas ruas e ver quantos Papais No\u00e9is com barbas posti\u00e7as e algumas originais batem ponto nos Shoppings e distribuem sorrisos tamb\u00e9m nas escolas do jardim de inf\u00e2ncia. Bem, eu sou da \u00e9poca em que existiam jardins de inf\u00e2ncia, alunos que n\u00e3o batiam e nem matavam professores por notas baixas e <em>\u201cbulling\u201d<\/em> podia ser confundido com aquele papel que vinha dentro dos frascos de rem\u00e9dios e indicava a posologia, indica\u00e7\u00f5es e efeitos colaterais. Mas, voltemos ao Natal.<\/p>\n\n\n\n<p>Todo ano tem Natal, porque nessa data, segundo a f\u00e9 crist\u00e3, no dia 25 de dezembro nasceu Jesus. \u00c9 tamb\u00e9m quando morre o pobre coitado do Peru da ceia de Natal, que provavelmente n\u00e3o tem nada que ver com o nascimento do Cristo. Eu sei que estamos pr\u00f3ximos do grande dia, porque meu chefe fica mais humano. O resto do ano ele parece que foi programado para ignorar que eu existo e os meus colegas, tamb\u00e9m. Parece-lhe que n\u00e3o passamos de seres programados para faz\u00ea-lo ganhar um sal\u00e1rio diferenciado. Traduzindo sal\u00e1rio diferenciado: Mais do que a gente ganha e menos do que ele acha que merece ganhar.<\/p>\n\n\n\n<p>Tamb\u00e9m sei que \u00e9 Natal, porque pela primeira vez o porteiro do meu pr\u00e9dio segurou o port\u00e3o quando eu cheguei cheio de compras do supermercado. E pasmem: ele me disse <em>\u201cbom dia!\u201d<\/em>. N\u00e3o demora e j\u00e1 come\u00e7am a circular as famigeradas listinhas de final de ano dos porteiros, da servente do meu trabalho, do carteiro, dos caras do caminh\u00e3o do lixo e tantos outros que passam o ano todo fingindo que n\u00e3o me v\u00eaem, mas descobrem que eu existo justamente nessa \u00e9poca.<\/p>\n\n\n\n<p>Antes que voc\u00eas me condenem eu me defendo. N\u00e3o, n\u00e3o estou de mal com a vida. Mentira: eu ando meio de <em>\u201csaco cheio\u201d<\/em>, sim. Por\u00e9m, esse artigo ou post \u00e9 verdadeiro. Contunde, mas verdadeiro, porque cont\u00e9m as <em>minhas verdades<\/em>. Talvez seja um desabafo, depois de meio s\u00e9culo de vida aturando hipocrisias e falta de amor dos homens pelos seus semelhantes. Gente que \u00e9 capaz de matar de <em>\u201cporrada\u201d<\/em> um torcedor rival, inerte no asfalto. Gente que arrasta crian\u00e7as presas em cinto de seguran\u00e7a pelas ruas da cidade. Gente que joga o carro sobre o seu, porque entende que voc\u00ea invadiu o espa\u00e7o que era dele ou dela. Enfim, gente que s\u00f3 se lembra que \u00e9 gente uma vez por ano, ou melhor, um m\u00eas por ano: Todo dezembro de cada ano.<\/p>\n\n\n\n<p>O \u00e1pice da manifesta\u00e7\u00e3o desse ser que deveria ser o tempo todo humano \u00e9 a noite de Natal. Nesse dia, distribui sorrisos, presentes e at\u00e9 brinquedos para gente que tamb\u00e9m \u00e9 gente como todos n\u00f3s. Nesse dia, parece que uma venda deixa de existir sobre os olhos do <em>\u201cbom samaritano\u201d<\/em> e finalmente ele enxerga o mundo ao seu redor. Pena que n\u00e3o dura muito tempo, porque o ano se inicia e junto com ele uma cegueira se instala sobre as c\u00f3rneas da maioria daqueles que antes, no Natal, viam o mundo como sempre deveriam ver: Com os olhos de miseric\u00f3rdia, amor, compaix\u00e3o e compreens\u00e3o.<\/p>\n\n\n\n<p>Feliz Natal para todos n\u00f3s em janeiro, fevereiro, mar\u00e7o, abril, maio, junho, julho, agosto, setembro, outubro e novembro. Feliz Ano Todo!<\/p>\n\n\n\n<figure class=\"wp-block-image\"><a href=\"http:\/\/www.mylivesignature.com\" target=\"_blank\" rel=\"noopener\"><img data-recalc-dims=\"1\" decoding=\"async\" src=\"https:\/\/i0.wp.com\/signatures.mylivesignature.com\/85809\/hervalfilho\/6c82b32934c7036443b92ed0b6f523c3.png?w=640\" alt=\"\" \/><\/a><\/figure>\n\n\n\n<p><\/p>\n","protected":false},"excerpt":{"rendered":"<p>\u00c9 tempo de Natal e todos sabem que \u00e9. Basta sair nas ruas e ver quantos Papais No\u00e9is com barbas posti\u00e7as e algumas originais batem ponto nos Shoppings e distribuem sorrisos tamb\u00e9m nas escolas do jardim de inf\u00e2ncia. Bem, eu&#8230;<\/p>\n","protected":false},"author":1,"featured_media":0,"comment_status":"open","ping_status":"open","sticky":false,"template":"","format":"standard","meta":{"om_disable_all_campaigns":false,"_monsterinsights_skip_tracking":false,"_monsterinsights_sitenote_active":false,"_monsterinsights_sitenote_note":"","_monsterinsights_sitenote_category":0,"_kadence_starter_templates_imported_post":false,"_jetpack_memberships_contains_paid_content":false,"footnotes":""},"categories":[6],"tags":[125,131,149],"class_list":["post-2087","post","type-post","status-publish","format-standard","hentry","category-comportamento","tag-natal","tag-papai-noel","tag-presentes"],"aioseo_notices":[],"jetpack_featured_media_url":"","jetpack_likes_enabled":true,"jetpack_sharing_enabled":true,"_links":{"self":[{"href":"https:\/\/hervalfilho.com.br\/index.php\/wp-json\/wp\/v2\/posts\/2087","targetHints":{"allow":["GET"]}}],"collection":[{"href":"https:\/\/hervalfilho.com.br\/index.php\/wp-json\/wp\/v2\/posts"}],"about":[{"href":"https:\/\/hervalfilho.com.br\/index.php\/wp-json\/wp\/v2\/types\/post"}],"author":[{"embeddable":true,"href":"https:\/\/hervalfilho.com.br\/index.php\/wp-json\/wp\/v2\/users\/1"}],"replies":[{"embeddable":true,"href":"https:\/\/hervalfilho.com.br\/index.php\/wp-json\/wp\/v2\/comments?post=2087"}],"version-history":[{"count":0,"href":"https:\/\/hervalfilho.com.br\/index.php\/wp-json\/wp\/v2\/posts\/2087\/revisions"}],"wp:attachment":[{"href":"https:\/\/hervalfilho.com.br\/index.php\/wp-json\/wp\/v2\/media?parent=2087"}],"wp:term":[{"taxonomy":"category","embeddable":true,"href":"https:\/\/hervalfilho.com.br\/index.php\/wp-json\/wp\/v2\/categories?post=2087"},{"taxonomy":"post_tag","embeddable":true,"href":"https:\/\/hervalfilho.com.br\/index.php\/wp-json\/wp\/v2\/tags?post=2087"}],"curies":[{"name":"wp","href":"https:\/\/api.w.org\/{rel}","templated":true}]}}