{"id":2542,"date":"2020-01-30T16:26:46","date_gmt":"2020-01-30T19:26:46","guid":{"rendered":"https:\/\/hervalfilho.wordpress.com\/?p=2542"},"modified":"2020-01-30T16:26:46","modified_gmt":"2020-01-30T19:26:46","slug":"voltei","status":"publish","type":"post","link":"https:\/\/hervalfilho.com.br\/index.php\/2020\/01\/30\/voltei\/","title":{"rendered":"Voltei&#8230;"},"content":{"rendered":"\n<p>Ainda que timidamente, como se estivesse reaprendendo a andar ou exercitar mentes e m\u00e3os, voltei a sentir vontade de escrever. Tenho andado distante dos textos, talvez por conta do contexto contempor\u00e2neo que enxergo vazio de ideias e cheio de intoler\u00e2ncias. Muitas vezes me sinto no meio de um deserto de nadas. \u00c9 tudo t\u00e3o &#8220;eu&#8221;, que sinto falta do &#8220;n\u00f3s&#8221;. <\/p>\n\n\n\n<p>O &#8220;eu&#8221; e a tela do celular; no caf\u00e9 da manh\u00e3, no almo\u00e7o e no jantar. Olhos vidrados na tela brilhante, sem tempo para conversar com algu\u00e9m de verdade, que reaja, argumente e exer\u00e7a o direito ao contradit\u00f3rio, sem medo de ser &#8220;bloqueado&#8221; por ter sido contrariado. A gera\u00e7\u00e3o do &#8220;mimimi&#8221; me cansa! Mimados demais, m\u00edopes que s\u00f3 enxergam o umbigo e midi\u00e1ticos ao extremo da ostenta\u00e7\u00e3o! Onde foi que erramos, eu sempre me pergunto.<\/p>\n\n\n\n<p>Erramos, sim. Demos muito e cobramos pouco. Esquecemos de ensinar valores e respeito como se a juventude fosse eterna ou morr\u00eassemos  todos jovens, como Kurt Cobain, Janis Joplin ou Amy Winehouse, todos aos 27 anos.<\/p>\n\n\n\n<p>Tenho 5 filhos com idades entre 10 e 32 anos e sei bem do que falo. N\u00e3o \u00e9 f\u00e1cil educar e quem disse que seria? Se voc\u00ea n\u00e3o educa algu\u00e9m adota. Da\u00ed&#8230;.<\/p>\n\n\n\n<p>Eu prometo pegar mais leve se esse tema lhe incomoda. Posso tamb\u00e9m falar de poesia, de flores ou amores. Fica ent\u00e3o para  a pr\u00f3xima.<\/p>\n","protected":false},"excerpt":{"rendered":"<p>Ainda que timidamente, como se estivesse reaprendendo a andar ou exercitar mentes e m\u00e3os, voltei a sentir vontade de escrever. Tenho andado distante dos textos, talvez por conta do contexto contempor\u00e2neo que enxergo vazio de ideias e cheio de intoler\u00e2ncias&#8230;.<\/p>\n","protected":false},"author":1,"featured_media":2547,"comment_status":"open","ping_status":"open","sticky":false,"template":"","format":"standard","meta":{"om_disable_all_campaigns":false,"_monsterinsights_skip_tracking":false,"_monsterinsights_sitenote_active":false,"_monsterinsights_sitenote_note":"","_monsterinsights_sitenote_category":0,"_kadence_starter_templates_imported_post":false,"_jetpack_memberships_contains_paid_content":false,"footnotes":""},"categories":[8],"tags":[],"class_list":["post-2542","post","type-post","status-publish","format-standard","has-post-thumbnail","hentry","category-cronicas"],"aioseo_notices":[],"jetpack_featured_media_url":"https:\/\/i0.wp.com\/hervalfilho.com.br\/wp-content\/uploads\/2020\/01\/screenshot_20200130-183844557-1-e1586488374192.jpg?fit=794%2C794&ssl=1","jetpack_likes_enabled":true,"jetpack_sharing_enabled":true,"_links":{"self":[{"href":"https:\/\/hervalfilho.com.br\/index.php\/wp-json\/wp\/v2\/posts\/2542","targetHints":{"allow":["GET"]}}],"collection":[{"href":"https:\/\/hervalfilho.com.br\/index.php\/wp-json\/wp\/v2\/posts"}],"about":[{"href":"https:\/\/hervalfilho.com.br\/index.php\/wp-json\/wp\/v2\/types\/post"}],"author":[{"embeddable":true,"href":"https:\/\/hervalfilho.com.br\/index.php\/wp-json\/wp\/v2\/users\/1"}],"replies":[{"embeddable":true,"href":"https:\/\/hervalfilho.com.br\/index.php\/wp-json\/wp\/v2\/comments?post=2542"}],"version-history":[{"count":0,"href":"https:\/\/hervalfilho.com.br\/index.php\/wp-json\/wp\/v2\/posts\/2542\/revisions"}],"wp:featuredmedia":[{"embeddable":true,"href":"https:\/\/hervalfilho.com.br\/index.php\/wp-json\/wp\/v2\/media\/2547"}],"wp:attachment":[{"href":"https:\/\/hervalfilho.com.br\/index.php\/wp-json\/wp\/v2\/media?parent=2542"}],"wp:term":[{"taxonomy":"category","embeddable":true,"href":"https:\/\/hervalfilho.com.br\/index.php\/wp-json\/wp\/v2\/categories?post=2542"},{"taxonomy":"post_tag","embeddable":true,"href":"https:\/\/hervalfilho.com.br\/index.php\/wp-json\/wp\/v2\/tags?post=2542"}],"curies":[{"name":"wp","href":"https:\/\/api.w.org\/{rel}","templated":true}]}}