{"id":2640,"date":"2021-09-02T13:47:27","date_gmt":"2021-09-02T16:47:27","guid":{"rendered":"https:\/\/hervalfilho.wordpress.com\/?p=2640"},"modified":"2021-09-02T13:47:27","modified_gmt":"2021-09-02T16:47:27","slug":"querer-e-poder","status":"publish","type":"post","link":"https:\/\/hervalfilho.com.br\/index.php\/2021\/09\/02\/querer-e-poder\/","title":{"rendered":"Querer \u00e9 poder"},"content":{"rendered":"\n<p>N\u00e3o podeis da P\u00e1tria filhos,<br>Ver contente a m\u00e3e Brasil;<br>Nos roubaram a liberdade<br>Nosso norte, nossa sorte<br>Nosso povo, sempre servil.<\/p>\n\n\n\n<hr class=\"wp-block-separator alignfull\" \/>\n\n\n\n<p>J\u00e1 raiou a atrocidade,<br>No imp\u00e9rio da maldade,<br>Prosperou a mediocridade<br>Retrato do triste Brasil.<\/p>\n\n\n\n<hr class=\"wp-block-separator\" \/>\n\n\n\n<p>Brava gente brasileira!<br>Tenha amor a sua bandeira!<br>Ou ficar a P\u00e1tria livre,<br>Ou morrer pelo Brasil;<br>Ou ficar a P\u00e1tria livre,<br>Ou morrer pelo Brasil.<\/p>\n\n\n\n<hr class=\"wp-block-separator\" \/>\n\n\n\n<p>Os vendilh\u00f5es de nossa P\u00e1tria<br>Nos forjavam com bravatas<br>Da perf\u00eddia astuto ardil\u2026<br>N\u00e3o h\u00e1 m\u00e3o mais poderosa<br>Que insurja contra a morda\u00e7a<br>Que do povo do Brasil!<\/p>\n\n\n\n<hr class=\"wp-block-separator\" \/>\n\n\n\n<p>Brava gente brasileira!<br>Tenha amor a sua bandeira!<br>Ou ficar a P\u00e1tria livre,<br>Ou morrer pelo Brasil;<br>Ou ficar a P\u00e1tria livre,<br>Ou morrer pelo Brasil.<\/p>\n\n\n\n<figure class=\"wp-block-image\"><img data-recalc-dims=\"1\" decoding=\"async\" src=\"https:\/\/i0.wp.com\/signatures.mylivesignature.com\/85809\/hervalfilho\/6c82b32934c7036443b92ed0b6f523c3.png?w=640\" alt=\"Esta imagem possu\u00ed um atributo alt vazio; O nome do arquivo \u00e9 6c82b32934c7036443b92ed0b6f523c3.png\" \/><\/figure>\n\n\n\n<p><\/p>\n","protected":false},"excerpt":{"rendered":"<p>N\u00e3o podeis da P\u00e1tria filhos,Ver contente a m\u00e3e Brasil;Nos roubaram a liberdadeNosso norte, nossa sorteNosso povo, sempre servil. J\u00e1 raiou a atrocidade,No imp\u00e9rio da maldade,Prosperou a mediocridadeRetrato do triste Brasil. Brava gente brasileira!Tenha amor a sua bandeira!Ou ficar a P\u00e1tria&#8230;<\/p>\n","protected":false},"author":1,"featured_media":2643,"comment_status":"open","ping_status":"open","sticky":false,"template":"","format":"standard","meta":{"om_disable_all_campaigns":false,"_monsterinsights_skip_tracking":false,"_monsterinsights_sitenote_active":false,"_monsterinsights_sitenote_note":"","_monsterinsights_sitenote_category":0,"_kadence_starter_templates_imported_post":false,"_jetpack_memberships_contains_paid_content":false,"footnotes":""},"categories":[23],"tags":[52,133,140,145,151],"class_list":["post-2640","post","type-post","status-publish","format-standard","has-post-thumbnail","hentry","category-poesias","tag-brasil","tag-patria","tag-poder","tag-povo","tag-querer"],"aioseo_notices":[],"jetpack_featured_media_url":"https:\/\/i0.wp.com\/hervalfilho.com.br\/wp-content\/uploads\/2021\/09\/poder.jpg?fit=960%2C818&ssl=1","jetpack_likes_enabled":true,"jetpack_sharing_enabled":true,"_links":{"self":[{"href":"https:\/\/hervalfilho.com.br\/index.php\/wp-json\/wp\/v2\/posts\/2640","targetHints":{"allow":["GET"]}}],"collection":[{"href":"https:\/\/hervalfilho.com.br\/index.php\/wp-json\/wp\/v2\/posts"}],"about":[{"href":"https:\/\/hervalfilho.com.br\/index.php\/wp-json\/wp\/v2\/types\/post"}],"author":[{"embeddable":true,"href":"https:\/\/hervalfilho.com.br\/index.php\/wp-json\/wp\/v2\/users\/1"}],"replies":[{"embeddable":true,"href":"https:\/\/hervalfilho.com.br\/index.php\/wp-json\/wp\/v2\/comments?post=2640"}],"version-history":[{"count":0,"href":"https:\/\/hervalfilho.com.br\/index.php\/wp-json\/wp\/v2\/posts\/2640\/revisions"}],"wp:featuredmedia":[{"embeddable":true,"href":"https:\/\/hervalfilho.com.br\/index.php\/wp-json\/wp\/v2\/media\/2643"}],"wp:attachment":[{"href":"https:\/\/hervalfilho.com.br\/index.php\/wp-json\/wp\/v2\/media?parent=2640"}],"wp:term":[{"taxonomy":"category","embeddable":true,"href":"https:\/\/hervalfilho.com.br\/index.php\/wp-json\/wp\/v2\/categories?post=2640"},{"taxonomy":"post_tag","embeddable":true,"href":"https:\/\/hervalfilho.com.br\/index.php\/wp-json\/wp\/v2\/tags?post=2640"}],"curies":[{"name":"wp","href":"https:\/\/api.w.org\/{rel}","templated":true}]}}