{"id":296,"date":"2010-04-22T10:32:23","date_gmt":"2010-04-22T13:32:23","guid":{"rendered":"http:\/\/hervalfilho.wordpress.com\/?p=296"},"modified":"2010-04-22T10:32:23","modified_gmt":"2010-04-22T13:32:23","slug":"voce-concorda-com-o-arnaldo","status":"publish","type":"post","link":"https:\/\/hervalfilho.com.br\/index.php\/2010\/04\/22\/voce-concorda-com-o-arnaldo\/","title":{"rendered":"Voc\u00ea concorda com o Arnaldo?"},"content":{"rendered":"\n<div class=\"wp-block-image\"><figure class=\"aligncenter\"><a href=\"https:\/\/i0.wp.com\/hervalfilho.com.br\/wp-content\/uploads\/2010\/04\/jabor.jpg?ssl=1\"><img data-recalc-dims=\"1\" loading=\"lazy\" decoding=\"async\" width=\"270\" height=\"169\" src=\"https:\/\/i0.wp.com\/hervalfilho.com.br\/wp-content\/uploads\/2010\/04\/jabor.jpg?resize=270%2C169&#038;ssl=1\" alt=\"\" class=\"wp-image-297\" \/><\/a><\/figure><\/div>\n\n\n\n<p><strong>&#8211; Brasileiro \u00e9 um povo solid\u00e1rio. Mentira. Brasileiro \u00e9 babaca. <\/strong><\/p>\n\n\n\n<p><strong><span style=\"font-weight:normal;\">Eleger para o cargo mais importante do Estado um sujeito que n\u00e3o tem escolaridade e preparo nem para ser gari, s\u00f3 porque tem uma hist\u00f3ria de vida sofrida;<br>\nPagar 40% de sua renda em tributos e ainda dar esmola para pobre na rua ao inv\u00e9s de cobrar do governo uma solu\u00e7\u00e3o para pobreza;<br>\nAceitar que ONG&#8217;s de direitos humanos fiquem dando pitaco na forma como tratamos nossa criminalidade&#8230;<br>\nN\u00e3o protestar cada vez que o governo compra colch\u00f5es para presidi\u00e1rios que queimaram os deles de prop\u00f3sito, n\u00e3o \u00e9 coisa de gente solid\u00e1ria.<br>\n\u00c9 coisa de gente ot\u00e1ria. <\/span><\/strong><\/p>\n\n\n\n<p><strong><span style=\"font-weight:normal;\">&#8211;<strong> Brasileiro \u00e9 um povo alegre. Mentira. Brasileiro \u00e9 bobalh\u00e3o. <\/strong><\/span><\/strong><\/p>\n\n\n\n<p><strong><span style=\"font-weight:normal;\">Fazer piadinha com as imundices que acompanhamos todo dia \u00e9 o mesmo que tomar bofetada na cara e dar risada.<br>\nDepois de um massacre que durou quatro dias em S\u00e3o Paulo, ouvir o Jos\u00e9 Sim\u00e3o fazer piadinha a respeito e achar gra\u00e7a, \u00e9 o mesmo que contar piada no enterro do pai..<br>\nBrasileiro tem um s\u00e9rio problema.<br>\nQuando surge um esc\u00e2ndalo, ao inv\u00e9s de protestar e tomar provid\u00eancias como cidad\u00e3o, ri feito bobo. <\/span><\/strong><\/p>\n\n\n\n<p><strong><span style=\"font-weight:normal;\"><strong>&#8211; Brasileiro \u00e9 um povo trabalhador. Mentira.<\/strong><\/span><\/strong><\/p>\n\n\n\n<p><strong><span style=\"font-weight:normal;\">Brasileiro \u00e9 vagabundo por excel\u00eancia.<br>\nO brasileiro tenta se enganar, fingindo que os pol\u00edticos que ocupam cargos p\u00fablicos no pa\u00eds, surgiram de Marte e pousaram em seus cargos, quando na verdade, s\u00e3o oriundos do povo..<br>\nO brasileiro, ao mesmo tempo em que fica indignado ao ver um deputado receber 20 mil por m\u00eas, para trabalhar 3 dias e co\u00e7ar o saco o resto da semana, tamb\u00e9m sente inveja e sabe l\u00e1 no fundo que se estivesse no lugar dele faria o mesmo.<br>\nUm povo que se conforma em receber uma esmola do governo de 90 reais mensais para n\u00e3o fazer nada e n\u00e3o aproveita isso para alavancar sua vida (realidade da brutal maioria dos benefici\u00e1rios do bolsa fam\u00edlia) n\u00e3o pode ser adjetivado de outra coisa que n\u00e3o de vagabundo. <\/span><\/strong><\/p>\n\n\n\n<p><strong>&#8211; Brasileiro \u00e9 um povo honesto. Mentira.. <\/strong><\/p>\n\n\n\n<p>J\u00e1 foi; hoje \u00e9 uma qualidade em baixa.<br>\nSe voc\u00ea oferecer 50 Euros a um policial europeu para ele n\u00e3o te autuar, provavelmente ir\u00e1 preso..<br>\nN\u00e3o por medo de ser pego, mas porque ele sabe ser errado aceitar propinas.<br>\nO brasileiro, ao mesmo tempo em que fica indignado com o mensal\u00e3o, pensa intimamente o que faria se arrumasse uma boquinha dessas, quando na realidade isso sequer deveria passar por sua cabe\u00e7a.<br>\n&#8211; 90% de quem vive na favela \u00e9 gente honesta e trabalhadora. Mentira.<br>\nJ\u00e1 foi.<br>\nHistoricamente, as favelas se iniciaram nos morros cariocas quando os negros e mulatos retornando da<br>\nGuerra do Paraguai ali se instalaram.<br>\nNaquela \u00e9poca quem morava l\u00e1 era gente honesta, que n\u00e3o tinha outra alternativa e n\u00e3o concordava com o crime.<br>\nHoje a realidade \u00e9 diferente.<br>\nMuito pai de fam\u00edlia sonha que o filho seja aceito como &#8216;avi\u00e3ozinho&#8217; do tr\u00e1fico para ganhar uma grana legal.<br>\nSe a maioria da favela fosse honesta, j\u00e1 teriam existido condi\u00e7\u00f5es de se tocar os bandidos de l\u00e1 para fora, porque podem matar 2 ou 3 mas n\u00e3o milhares de pessoas.<br>\nAl\u00e9m disso, cooperariam com a pol\u00edcia na identifica\u00e7\u00e3o de criminosos, inibindo-os de montar suas bases de opera\u00e7\u00e3o nas favelas.<\/p>\n\n\n\n<p><strong>&#8211; O Brasil \u00e9 um pais democr\u00e1tico. Mentira. <\/strong><\/p>\n\n\n\n<p>Num pa\u00eds democr\u00e1tico a vontade da maioria \u00e9 Lei.<br>\nA maioria do povo acha que bandido bom \u00e9 bandido morto, mas sucumbe a uma minoria barulhenta que se apressa em dizer que um bandido que foi morto numa troca de tiros, foi executado friamente.<br>\nNum pa\u00eds onde todos t\u00eam direitos mas ningu\u00e9m tem obriga\u00e7\u00f5es, n\u00e3o existe democracia e sim, anarquia.<br>\nNum pa\u00eds em que a maioria sucumbe bovinamente ante uma minoria barulhenta, n\u00e3o existe democracia, mas um simulacro hip\u00f3crita.<br>\nSe tirarmos o pano do politicamente correto, veremos que vivemos numa sociedade feudal: um rei que det\u00e9m o poder central (presidente e suas MPs), seguido de duques, condes, arquiduques e senhores feudais (ministros, senadores, deputados, prefeitos, vereadores)..<br>\nTodos sustentados pelo povo que paga tributos que t\u00eam como \u00fanico fim, o pagamento dos privil\u00e9gios do poder. E ainda somos obrigados a votar.<br>\nDemocracia isso? Pense !<br>\nO famoso jeitinho brasileiro.<br>\nNa minha opini\u00e3o, um dos maiores respons\u00e1veis pelo caos que se tornou a pol\u00edtica brasileira.<br>\nBrasileiro se acha malandro, muito esperto.<br>\nFaz um &#8216;gato&#8217; puxando a TV a cabo do vizinho e acha que est\u00e1 botando pra quebrar.<br>\nNo outro dia o caixa da padaria erra no troco e devolve 6 reais a mais, caramba, silenciosamente ele sai de l\u00e1 com a felicidade de ter ganhado na loto&#8230; malandr\u00f5es, esquecem que pagam a maior taxa de juros do planeta e o retorno \u00e9 zero. Zero sa\u00fade, zero emprego, zero educa\u00e7\u00e3o, mas e da\u00ed?<br>\nAfinal somos penta campe\u00f5es do mundo n\u00e9, meng\u00e3o venceu o jogo do final de semana n\u00e9?? ?<br>\nGrande coisa&#8230;<\/p>\n\n\n\n<p><strong>&#8211; O Brasil \u00e9 o pa\u00eds do futuro. <\/strong><\/p>\n\n\n\n<p>Caramba , meu av\u00f4 dizia isso em 1950. Muitas vezes cheguei a imaginar em como seria a indigna\u00e7\u00e3o e revolta dos meus av\u00f4s se ainda estivessem vivos.<br>\nDessa vergonha eles se safaram&#8230;<br>\nBrasil, o pa\u00eds do futuro !?<br>\nHoje o futuro chegou e tivemos uma das piores taxas de crescimento do mundo.<\/p>\n\n\n\n<p><strong>Deus \u00e9 brasileiro. <\/strong><\/p>\n\n\n\n<p>Puxa, essa eu n\u00e3o vou nem comentar&#8230;<\/p>\n\n\n\n<p>O que me deixa mais triste e inconformado \u00e9 ver todos os dias nos jornais a manchete da vit\u00f3ria do governo mais sujo j\u00e1 visto em toda a hist\u00f3ria brasileira.<\/p>\n\n\n\n<p>Para finalizar tiro minha conclus\u00e3o:<\/p>\n\n\n\n<p>O brasileiro merece! Como diz o ditado popular, \u00e9 igual mulher de malandro, gosta de apanhar. Se voc\u00ea n\u00e3o \u00e9 como o exemplo de brasileiro citado nesse e-mail, meus sentimentos amigo, continue fazendo sua parte, e que um dia pessoas de bem assumam o controle do pa\u00eds novamente.<br>\nA\u00ed sim, teremos todas as chances de ser a maior pot\u00eancia do planeta.<br>\nAfinal aqui n\u00e3o tem terremoto, tsunami nem furac\u00e3o.<br>\nTemos petr\u00f3leo, \u00e1lcool, bio-diesel, e sem d\u00favida nenhuma o mais importante: \u00c1gua doce!<\/p>\n\n\n\n<p>S\u00f3 falta boa vontade. &nbsp;Ser\u00e1 que \u00e9 t\u00e3o dif\u00edcil assim?<\/p>\n","protected":false},"excerpt":{"rendered":"<p>&#8211; Brasileiro \u00e9 um povo solid\u00e1rio. Mentira. Brasileiro \u00e9 babaca. Eleger para o cargo mais importante do Estado um sujeito que n\u00e3o tem escolaridade e preparo nem para ser gari, s\u00f3 porque tem uma hist\u00f3ria de vida sofrida; Pagar 40%&#8230;<\/p>\n","protected":false},"author":1,"featured_media":0,"comment_status":"open","ping_status":"open","sticky":false,"template":"","format":"standard","meta":{"om_disable_all_campaigns":false,"_monsterinsights_skip_tracking":false,"_monsterinsights_sitenote_active":false,"_monsterinsights_sitenote_note":"","_monsterinsights_sitenote_category":0,"_kadence_starter_templates_imported_post":false,"_jetpack_memberships_contains_paid_content":false,"footnotes":""},"categories":[24],"tags":[157],"class_list":["post-296","post","type-post","status-publish","format-standard","hentry","category-politica","tag-reflexao"],"aioseo_notices":[],"jetpack_featured_media_url":"","jetpack_likes_enabled":true,"jetpack_sharing_enabled":true,"_links":{"self":[{"href":"https:\/\/hervalfilho.com.br\/index.php\/wp-json\/wp\/v2\/posts\/296","targetHints":{"allow":["GET"]}}],"collection":[{"href":"https:\/\/hervalfilho.com.br\/index.php\/wp-json\/wp\/v2\/posts"}],"about":[{"href":"https:\/\/hervalfilho.com.br\/index.php\/wp-json\/wp\/v2\/types\/post"}],"author":[{"embeddable":true,"href":"https:\/\/hervalfilho.com.br\/index.php\/wp-json\/wp\/v2\/users\/1"}],"replies":[{"embeddable":true,"href":"https:\/\/hervalfilho.com.br\/index.php\/wp-json\/wp\/v2\/comments?post=296"}],"version-history":[{"count":0,"href":"https:\/\/hervalfilho.com.br\/index.php\/wp-json\/wp\/v2\/posts\/296\/revisions"}],"wp:attachment":[{"href":"https:\/\/hervalfilho.com.br\/index.php\/wp-json\/wp\/v2\/media?parent=296"}],"wp:term":[{"taxonomy":"category","embeddable":true,"href":"https:\/\/hervalfilho.com.br\/index.php\/wp-json\/wp\/v2\/categories?post=296"},{"taxonomy":"post_tag","embeddable":true,"href":"https:\/\/hervalfilho.com.br\/index.php\/wp-json\/wp\/v2\/tags?post=296"}],"curies":[{"name":"wp","href":"https:\/\/api.w.org\/{rel}","templated":true}]}}