{"id":3132,"date":"2026-08-31T15:12:47","date_gmt":"2026-08-31T18:12:47","guid":{"rendered":"https:\/\/hervalfilho.com.br\/?p=3132"},"modified":"2026-08-31T15:12:48","modified_gmt":"2026-08-31T18:12:48","slug":"ghost","status":"publish","type":"post","link":"https:\/\/hervalfilho.com.br\/index.php\/2026\/08\/31\/ghost\/","title":{"rendered":"Ghost"},"content":{"rendered":"\n<p class=\"has-medium-font-size wp-block-paragraph\">Onde estava voc\u00ea?<strong><br><\/strong>Quando o setembro era negro,<strong><br><\/strong>Quando a bolsa caiu e veio a depress\u00e3o<br>Quando eu ca\u00ed na depress\u00e3o<br>(roubaram minha bolsa!)<br><\/p>\n\n\n\n<p class=\"has-medium-font-size wp-block-paragraph\">Quando veio a revolu\u00e7\u00e3o<br>(n\u00e3o era o 1\u00ba de abril!)<br>Quando mataram Kennedy e o J\u00e2nio<br>renunciou<br>e o Collor impedido (e o povo fugido!)<br><\/p>\n\n\n\n<p class=\"has-medium-font-size wp-block-paragraph\">Quando a modelo sem calcinha e o povo<br>descamisado<br>na quarta-feira de cinzas foi urvizado<br>Quando o Senna escapou<br>na curva da hist\u00f3ria, na contram\u00e3o<br>(era 1\u00ba de maio!)<br><\/p>\n\n\n\n<p class=\"has-medium-font-size wp-block-paragraph\">Quando veio o real e calmos na ilus\u00e3o,<br>Quando veio a elei\u00e7\u00e3o e ca\u00edmos na real,<br>Quando as greves estouraram e<br>nossos bolsos explodiram,<br>Quando a luz se apagou se o Tom se foi.<br><\/p>\n\n\n\n<p class=\"has-medium-font-size wp-block-paragraph\">Quando foi que voc\u00ea descobriu<br>que nunca existiu?<\/p>\n\n\n\n<figure class=\"wp-block-image size-full\"><img data-recalc-dims=\"1\" loading=\"lazy\" decoding=\"async\" width=\"141\" height=\"33\" src=\"https:\/\/i0.wp.com\/hervalfilho.com.br\/wp-content\/uploads\/2024\/08\/image.png?resize=141%2C33&#038;ssl=1\" alt=\"\" class=\"wp-image-2981\"\/><\/figure>\n","protected":false},"excerpt":{"rendered":"<p>Onde estava voc\u00ea?Quando o setembro era negro,Quando a bolsa caiu e veio a depress\u00e3oQuando eu ca\u00ed na depress\u00e3o(roubaram minha bolsa!) Quando veio a revolu\u00e7\u00e3o(n\u00e3o era o 1\u00ba de abril!)Quando mataram Kennedy e o J\u00e2niorenuncioue o Collor impedido (e o povo&#8230;<\/p>\n","protected":false},"author":1,"featured_media":3133,"comment_status":"open","ping_status":"open","sticky":false,"template":"","format":"standard","meta":{"om_disable_all_campaigns":false,"_monsterinsights_skip_tracking":false,"_kadence_starter_templates_imported_post":false,"_jetpack_newsletter_access":"","_jetpack_dont_email_post_to_subs":false,"_jetpack_newsletter_tier_id":0,"_jetpack_memberships_contains_paywalled_content":false,"_jetpack_feature_clip_id":0,"_jetpack_memberships_contains_paid_content":false,"footnotes":"","jetpack_post_was_ever_published":false},"categories":[23],"tags":[],"class_list":["post-3132","post","type-post","status-publish","format-standard","has-post-thumbnail","hentry","category-poesias"],"aioseo_notices":[],"aioseo_head":"\n\t\t<!-- All in One SEO 5.0.1.1 - aioseo.com -->\n\t<meta name=\"description\" content=\"Onde estava voc\u00ea?Quando o setembro era negro,Quando a bolsa caiu e veio a depress\u00e3oQuando eu ca\u00ed na depress\u00e3o(roubaram minha bolsa!) Quando veio a revolu\u00e7\u00e3o(n\u00e3o era o 1\u00ba de abril!)Quando mataram Kennedy e o J\u00e2niorenuncioue o Collor impedido (e o povo fugido!) Quando a modelo sem calcinha e o povodescamisadona quarta-feira de cinzas foi urvizadoQuando o\" \/>\n\t<meta name=\"robots\" content=\"max-image-preview:large\" \/>\n\t<meta name=\"author\" content=\"hervalfilho\"\/>\n\t<meta name=\"google-site-verification\" content=\"d0OMqpFu5wlUqnLbtqh0dRWuH3bpfcwDvjb41n3BzCw\" \/>\n\t<link rel=\"canonical\" href=\"https:\/\/hervalfilho.com.br\/index.php\/2026\/08\/31\/ghost\/\" \/>\n\t<meta name=\"generator\" content=\"All in One SEO (AIOSEO) 5.0.1.1\" \/>\n\t\t<meta property=\"og:locale\" content=\"pt_BR\" \/>\n\t\t<meta property=\"og:site_name\" content=\"Poemas In Natura - Vivo cada segundo sem saber contar o tempo...\" \/>\n\t\t<meta property=\"og:type\" content=\"article\" \/>\n\t\t<meta property=\"og:title\" content=\"Ghost - Poemas In Natura\" \/>\n\t\t<meta property=\"og:description\" content=\"Onde estava voc\u00ea?Quando o setembro era negro,Quando a bolsa caiu e veio a depress\u00e3oQuando eu ca\u00ed na depress\u00e3o(roubaram minha bolsa!) Quando veio a revolu\u00e7\u00e3o(n\u00e3o era o 1\u00ba de abril!)Quando mataram Kennedy e o J\u00e2niorenuncioue o Collor impedido (e o povo fugido!) Quando a modelo sem calcinha e o povodescamisadona quarta-feira de cinzas foi urvizadoQuando o\" \/>\n\t\t<meta property=\"og:url\" content=\"https:\/\/hervalfilho.com.br\/index.php\/2026\/08\/31\/ghost\/\" \/>\n\t\t<meta property=\"og:image\" content=\"https:\/\/hervalfilho.com.br\/wp-content\/uploads\/2022\/03\/Herval.jpg\" \/>\n\t\t<meta property=\"og:image:secure_url\" content=\"https:\/\/hervalfilho.com.br\/wp-content\/uploads\/2022\/03\/Herval.jpg\" \/>\n\t\t<meta property=\"og:image:width\" content=\"480\" \/>\n\t\t<meta property=\"og:image:height\" content=\"480\" \/>\n\t\t<meta property=\"article:published_time\" content=\"2026-08-31T18:12:47+00:00\" \/>\n\t\t<meta property=\"article:modified_time\" content=\"2026-08-31T18:12:48+00:00\" \/>\n\t\t<meta name=\"twitter:card\" content=\"summary\" \/>\n\t\t<meta name=\"twitter:title\" content=\"Ghost - Poemas In Natura\" \/>\n\t\t<meta name=\"twitter:description\" content=\"Onde estava voc\u00ea?Quando o setembro era negro,Quando a bolsa caiu e veio a depress\u00e3oQuando eu ca\u00ed na depress\u00e3o(roubaram minha bolsa!) Quando veio a revolu\u00e7\u00e3o(n\u00e3o era o 1\u00ba de abril!)Quando mataram Kennedy e o J\u00e2niorenuncioue o Collor impedido (e o povo fugido!) Quando a modelo sem calcinha e o povodescamisadona quarta-feira de cinzas foi urvizadoQuando o\" \/>\n\t\t<meta name=\"twitter:image\" content=\"https:\/\/hervalfilho.com.br\/wp-content\/uploads\/2022\/03\/Herval.jpg\" \/>\n\t\t<script type=\"application\/ld+json\" class=\"aioseo-schema\">\n\t\t\t{\"@context\":\"https:\\\/\\\/schema.org\",\"@graph\":[{\"@type\":\"BlogPosting\",\"@id\":\"https:\\\/\\\/hervalfilho.com.br\\\/index.php\\\/2026\\\/08\\\/31\\\/ghost\\\/#blogposting\",\"name\":\"Ghost - Poemas In Natura\",\"headline\":\"Ghost\",\"author\":{\"@id\":\"https:\\\/\\\/hervalfilho.com.br\\\/index.php\\\/author\\\/hervalfilho\\\/#author\"},\"publisher\":{\"@id\":\"https:\\\/\\\/hervalfilho.com.br\\\/#person\"},\"image\":{\"@type\":\"ImageObject\",\"url\":\"https:\\\/\\\/i0.wp.com\\\/hervalfilho.com.br\\\/wp-content\\\/uploads\\\/2026\\\/08\\\/Ghost-scaled.jpg?fit=2560%2C1396&ssl=1\",\"width\":2560,\"height\":1396},\"datePublished\":\"2026-08-31T15:12:47-03:00\",\"dateModified\":\"2026-08-31T15:12:48-03:00\",\"inLanguage\":\"pt-BR\",\"commentCount\":1,\"mainEntityOfPage\":{\"@id\":\"https:\\\/\\\/hervalfilho.com.br\\\/index.php\\\/2026\\\/08\\\/31\\\/ghost\\\/#webpage\"},\"isPartOf\":{\"@id\":\"https:\\\/\\\/hervalfilho.com.br\\\/index.php\\\/2026\\\/08\\\/31\\\/ghost\\\/#webpage\"},\"articleSection\":\"poesias\"},{\"@type\":\"BreadcrumbList\",\"@id\":\"https:\\\/\\\/hervalfilho.com.br\\\/index.php\\\/2026\\\/08\\\/31\\\/ghost\\\/#breadcrumblist\",\"itemListElement\":[{\"@type\":\"ListItem\",\"@id\":\"https:\\\/\\\/hervalfilho.com.br#listItem\",\"position\":1,\"name\":\"Home\",\"item\":\"https:\\\/\\\/hervalfilho.com.br\",\"nextItem\":{\"@type\":\"ListItem\",\"@id\":\"https:\\\/\\\/hervalfilho.com.br\\\/index.php\\\/category\\\/poesias\\\/#listItem\",\"name\":\"poesias\"}},{\"@type\":\"ListItem\",\"@id\":\"https:\\\/\\\/hervalfilho.com.br\\\/index.php\\\/category\\\/poesias\\\/#listItem\",\"position\":2,\"name\":\"poesias\",\"item\":\"https:\\\/\\\/hervalfilho.com.br\\\/index.php\\\/category\\\/poesias\\\/\",\"nextItem\":{\"@type\":\"ListItem\",\"@id\":\"https:\\\/\\\/hervalfilho.com.br\\\/index.php\\\/2026\\\/08\\\/31\\\/ghost\\\/#listItem\",\"name\":\"Ghost\"},\"previousItem\":{\"@type\":\"ListItem\",\"@id\":\"https:\\\/\\\/hervalfilho.com.br#listItem\",\"name\":\"Home\"}},{\"@type\":\"ListItem\",\"@id\":\"https:\\\/\\\/hervalfilho.com.br\\\/index.php\\\/2026\\\/08\\\/31\\\/ghost\\\/#listItem\",\"position\":3,\"name\":\"Ghost\",\"previousItem\":{\"@type\":\"ListItem\",\"@id\":\"https:\\\/\\\/hervalfilho.com.br\\\/index.php\\\/category\\\/poesias\\\/#listItem\",\"name\":\"poesias\"}}]},{\"@type\":\"Person\",\"@id\":\"https:\\\/\\\/hervalfilho.com.br\\\/#person\",\"name\":\"hervalfilho\",\"image\":{\"@type\":\"ImageObject\",\"@id\":\"https:\\\/\\\/hervalfilho.com.br\\\/index.php\\\/2026\\\/08\\\/31\\\/ghost\\\/#personImage\",\"url\":\"https:\\\/\\\/secure.gravatar.com\\\/avatar\\\/1ee12a8538d6e5f5edc71297f82f54687cae5dfb87528cd03f80a74c3487bf7d?s=96&d=mm&r=g\",\"width\":96,\"height\":96,\"caption\":\"hervalfilho\"}},{\"@type\":\"Person\",\"@id\":\"https:\\\/\\\/hervalfilho.com.br\\\/index.php\\\/author\\\/hervalfilho\\\/#author\",\"url\":\"https:\\\/\\\/hervalfilho.com.br\\\/index.php\\\/author\\\/hervalfilho\\\/\",\"name\":\"hervalfilho\",\"image\":{\"@type\":\"ImageObject\",\"@id\":\"https:\\\/\\\/hervalfilho.com.br\\\/index.php\\\/2026\\\/08\\\/31\\\/ghost\\\/#authorImage\",\"url\":\"https:\\\/\\\/secure.gravatar.com\\\/avatar\\\/1ee12a8538d6e5f5edc71297f82f54687cae5dfb87528cd03f80a74c3487bf7d?s=96&d=mm&r=g\",\"width\":96,\"height\":96,\"caption\":\"hervalfilho\"}},{\"@type\":\"WebPage\",\"@id\":\"https:\\\/\\\/hervalfilho.com.br\\\/index.php\\\/2026\\\/08\\\/31\\\/ghost\\\/#webpage\",\"url\":\"https:\\\/\\\/hervalfilho.com.br\\\/index.php\\\/2026\\\/08\\\/31\\\/ghost\\\/\",\"name\":\"Ghost - Poemas In Natura\",\"description\":\"Onde estava voc\\u00ea?Quando o setembro era negro,Quando a bolsa caiu e veio a depress\\u00e3oQuando eu ca\\u00ed na depress\\u00e3o(roubaram minha bolsa!) Quando veio a revolu\\u00e7\\u00e3o(n\\u00e3o era o 1\\u00ba de abril!)Quando mataram Kennedy e o J\\u00e2niorenuncioue o Collor impedido (e o povo fugido!) Quando a modelo sem calcinha e o povodescamisadona quarta-feira de cinzas foi urvizadoQuando o\",\"inLanguage\":\"pt-BR\",\"isPartOf\":{\"@id\":\"https:\\\/\\\/hervalfilho.com.br\\\/#website\"},\"breadcrumb\":{\"@id\":\"https:\\\/\\\/hervalfilho.com.br\\\/index.php\\\/2026\\\/08\\\/31\\\/ghost\\\/#breadcrumblist\"},\"author\":{\"@id\":\"https:\\\/\\\/hervalfilho.com.br\\\/index.php\\\/author\\\/hervalfilho\\\/#author\"},\"creator\":{\"@id\":\"https:\\\/\\\/hervalfilho.com.br\\\/index.php\\\/author\\\/hervalfilho\\\/#author\"},\"image\":{\"@type\":\"ImageObject\",\"url\":\"https:\\\/\\\/i0.wp.com\\\/hervalfilho.com.br\\\/wp-content\\\/uploads\\\/2026\\\/08\\\/Ghost-scaled.jpg?fit=2560%2C1396&ssl=1\",\"@id\":\"https:\\\/\\\/hervalfilho.com.br\\\/index.php\\\/2026\\\/08\\\/31\\\/ghost\\\/#mainImage\",\"width\":2560,\"height\":1396},\"primaryImageOfPage\":{\"@id\":\"https:\\\/\\\/hervalfilho.com.br\\\/index.php\\\/2026\\\/08\\\/31\\\/ghost\\\/#mainImage\"},\"datePublished\":\"2026-08-31T15:12:47-03:00\",\"dateModified\":\"2026-08-31T15:12:48-03:00\"},{\"@type\":\"WebSite\",\"@id\":\"https:\\\/\\\/hervalfilho.com.br\\\/#website\",\"url\":\"https:\\\/\\\/hervalfilho.com.br\\\/\",\"name\":\"Poemas In Natura\",\"description\":\"Vivo cada segundo sem saber contar o tempo...\",\"inLanguage\":\"pt-BR\",\"publisher\":{\"@id\":\"https:\\\/\\\/hervalfilho.com.br\\\/#person\"}}]}\n\t\t<\/script>\n\t\t<!-- All in One SEO -->\n\n","aioseo_head_json":{"title":"Ghost - Poemas In Natura","description":"Onde estava voc\u00ea?Quando o setembro era negro,Quando a bolsa caiu e veio a depress\u00e3oQuando eu ca\u00ed na depress\u00e3o(roubaram minha bolsa!) Quando veio a revolu\u00e7\u00e3o(n\u00e3o era o 1\u00ba de abril!)Quando mataram Kennedy e o J\u00e2niorenuncioue o Collor impedido (e o povo fugido!) Quando a modelo sem calcinha e o povodescamisadona quarta-feira de cinzas foi urvizadoQuando o","canonical_url":"https:\/\/hervalfilho.com.br\/index.php\/2026\/08\/31\/ghost\/","robots":"max-image-preview:large","keywords":"","webmasterTools":{"google-site-verification":"d0OMqpFu5wlUqnLbtqh0dRWuH3bpfcwDvjb41n3BzCw","miscellaneous":""},"schema":{"@context":"https:\/\/schema.org","@graph":[{"@type":"BlogPosting","@id":"https:\/\/hervalfilho.com.br\/index.php\/2026\/08\/31\/ghost\/#blogposting","name":"Ghost - Poemas In Natura","headline":"Ghost","author":{"@id":"https:\/\/hervalfilho.com.br\/index.php\/author\/hervalfilho\/#author"},"publisher":{"@id":"https:\/\/hervalfilho.com.br\/#person"},"image":{"@type":"ImageObject","url":"https:\/\/i0.wp.com\/hervalfilho.com.br\/wp-content\/uploads\/2026\/08\/Ghost-scaled.jpg?fit=2560%2C1396&ssl=1","width":2560,"height":1396},"datePublished":"2026-08-31T15:12:47-03:00","dateModified":"2026-08-31T15:12:48-03:00","inLanguage":"pt-BR","commentCount":1,"mainEntityOfPage":{"@id":"https:\/\/hervalfilho.com.br\/index.php\/2026\/08\/31\/ghost\/#webpage"},"isPartOf":{"@id":"https:\/\/hervalfilho.com.br\/index.php\/2026\/08\/31\/ghost\/#webpage"},"articleSection":"poesias"},{"@type":"BreadcrumbList","@id":"https:\/\/hervalfilho.com.br\/index.php\/2026\/08\/31\/ghost\/#breadcrumblist","itemListElement":[{"@type":"ListItem","@id":"https:\/\/hervalfilho.com.br#listItem","position":1,"name":"Home","item":"https:\/\/hervalfilho.com.br","nextItem":{"@type":"ListItem","@id":"https:\/\/hervalfilho.com.br\/index.php\/category\/poesias\/#listItem","name":"poesias"}},{"@type":"ListItem","@id":"https:\/\/hervalfilho.com.br\/index.php\/category\/poesias\/#listItem","position":2,"name":"poesias","item":"https:\/\/hervalfilho.com.br\/index.php\/category\/poesias\/","nextItem":{"@type":"ListItem","@id":"https:\/\/hervalfilho.com.br\/index.php\/2026\/08\/31\/ghost\/#listItem","name":"Ghost"},"previousItem":{"@type":"ListItem","@id":"https:\/\/hervalfilho.com.br#listItem","name":"Home"}},{"@type":"ListItem","@id":"https:\/\/hervalfilho.com.br\/index.php\/2026\/08\/31\/ghost\/#listItem","position":3,"name":"Ghost","previousItem":{"@type":"ListItem","@id":"https:\/\/hervalfilho.com.br\/index.php\/category\/poesias\/#listItem","name":"poesias"}}]},{"@type":"Person","@id":"https:\/\/hervalfilho.com.br\/#person","name":"hervalfilho","image":{"@type":"ImageObject","@id":"https:\/\/hervalfilho.com.br\/index.php\/2026\/08\/31\/ghost\/#personImage","url":"https:\/\/secure.gravatar.com\/avatar\/1ee12a8538d6e5f5edc71297f82f54687cae5dfb87528cd03f80a74c3487bf7d?s=96&d=mm&r=g","width":96,"height":96,"caption":"hervalfilho"}},{"@type":"Person","@id":"https:\/\/hervalfilho.com.br\/index.php\/author\/hervalfilho\/#author","url":"https:\/\/hervalfilho.com.br\/index.php\/author\/hervalfilho\/","name":"hervalfilho","image":{"@type":"ImageObject","@id":"https:\/\/hervalfilho.com.br\/index.php\/2026\/08\/31\/ghost\/#authorImage","url":"https:\/\/secure.gravatar.com\/avatar\/1ee12a8538d6e5f5edc71297f82f54687cae5dfb87528cd03f80a74c3487bf7d?s=96&d=mm&r=g","width":96,"height":96,"caption":"hervalfilho"}},{"@type":"WebPage","@id":"https:\/\/hervalfilho.com.br\/index.php\/2026\/08\/31\/ghost\/#webpage","url":"https:\/\/hervalfilho.com.br\/index.php\/2026\/08\/31\/ghost\/","name":"Ghost - Poemas In Natura","description":"Onde estava voc\u00ea?Quando o setembro era negro,Quando a bolsa caiu e veio a depress\u00e3oQuando eu ca\u00ed na depress\u00e3o(roubaram minha bolsa!) Quando veio a revolu\u00e7\u00e3o(n\u00e3o era o 1\u00ba de abril!)Quando mataram Kennedy e o J\u00e2niorenuncioue o Collor impedido (e o povo fugido!) Quando a modelo sem calcinha e o povodescamisadona quarta-feira de cinzas foi urvizadoQuando o","inLanguage":"pt-BR","isPartOf":{"@id":"https:\/\/hervalfilho.com.br\/#website"},"breadcrumb":{"@id":"https:\/\/hervalfilho.com.br\/index.php\/2026\/08\/31\/ghost\/#breadcrumblist"},"author":{"@id":"https:\/\/hervalfilho.com.br\/index.php\/author\/hervalfilho\/#author"},"creator":{"@id":"https:\/\/hervalfilho.com.br\/index.php\/author\/hervalfilho\/#author"},"image":{"@type":"ImageObject","url":"https:\/\/i0.wp.com\/hervalfilho.com.br\/wp-content\/uploads\/2026\/08\/Ghost-scaled.jpg?fit=2560%2C1396&ssl=1","@id":"https:\/\/hervalfilho.com.br\/index.php\/2026\/08\/31\/ghost\/#mainImage","width":2560,"height":1396},"primaryImageOfPage":{"@id":"https:\/\/hervalfilho.com.br\/index.php\/2026\/08\/31\/ghost\/#mainImage"},"datePublished":"2026-08-31T15:12:47-03:00","dateModified":"2026-08-31T15:12:48-03:00"},{"@type":"WebSite","@id":"https:\/\/hervalfilho.com.br\/#website","url":"https:\/\/hervalfilho.com.br\/","name":"Poemas In Natura","description":"Vivo cada segundo sem saber contar o tempo...","inLanguage":"pt-BR","publisher":{"@id":"https:\/\/hervalfilho.com.br\/#person"}}]},"og:locale":"pt_BR","og:site_name":"Poemas In Natura - Vivo cada segundo sem saber contar o tempo...","og:type":"article","og:title":"Ghost - Poemas In Natura","og:description":"Onde estava voc\u00ea?Quando o setembro era negro,Quando a bolsa caiu e veio a depress\u00e3oQuando eu ca\u00ed na depress\u00e3o(roubaram minha bolsa!) Quando veio a revolu\u00e7\u00e3o(n\u00e3o era o 1\u00ba de abril!)Quando mataram Kennedy e o J\u00e2niorenuncioue o Collor impedido (e o povo fugido!) Quando a modelo sem calcinha e o povodescamisadona quarta-feira de cinzas foi urvizadoQuando o","og:url":"https:\/\/hervalfilho.com.br\/index.php\/2026\/08\/31\/ghost\/","og:image":"https:\/\/hervalfilho.com.br\/wp-content\/uploads\/2022\/03\/Herval.jpg","og:image:secure_url":"https:\/\/hervalfilho.com.br\/wp-content\/uploads\/2022\/03\/Herval.jpg","og:image:width":480,"og:image:height":480,"article:published_time":"2026-08-31T18:12:47+00:00","article:modified_time":"2026-08-31T18:12:48+00:00","twitter:card":"summary","twitter:title":"Ghost - Poemas In Natura","twitter:description":"Onde estava voc\u00ea?Quando o setembro era negro,Quando a bolsa caiu e veio a depress\u00e3oQuando eu ca\u00ed na depress\u00e3o(roubaram minha bolsa!) Quando veio a revolu\u00e7\u00e3o(n\u00e3o era o 1\u00ba de abril!)Quando mataram Kennedy e o J\u00e2niorenuncioue o Collor impedido (e o povo fugido!) Quando a modelo sem calcinha e o povodescamisadona quarta-feira de cinzas foi urvizadoQuando o","twitter:image":"https:\/\/hervalfilho.com.br\/wp-content\/uploads\/2022\/03\/Herval.jpg"},"aioseo_meta_data":{"post_id":"3132","title":null,"description":null,"keywords":null,"keyphrases":{"focus":{"keyphrase":"","score":0,"analysis":{"keyphraseInTitle":{"score":0,"maxScore":9,"error":1}}},"additional":[]},"primary_term":null,"canonical_url":null,"og_title":null,"og_description":null,"og_object_type":"default","og_image_type":"default","og_image_url":null,"og_image_width":null,"og_image_height":null,"og_image_custom_url":null,"og_image_custom_fields":null,"og_video":"","og_custom_url":null,"og_article_section":null,"og_article_tags":null,"twitter_use_og":false,"twitter_card":"default","twitter_image_type":"default","twitter_image_url":null,"twitter_image_custom_url":null,"twitter_image_custom_fields":null,"twitter_title":null,"twitter_description":null,"schema":{"blockGraphs":[],"customGraphs":[],"default":{"data":{"Article":[],"Course":[],"Dataset":[],"FAQPage":[],"Movie":[],"Person":[],"Product":[],"ProductReview":[],"Car":[],"Recipe":[],"Service":[],"SoftwareApplication":[],"WebPage":[]},"graphName":"BlogPosting","isEnabled":true},"graphs":[]},"schema_type":"default","schema_type_options":null,"pillar_content":false,"robots_default":true,"robots_noindex":false,"robots_noarchive":false,"robots_nosnippet":false,"robots_nofollow":false,"robots_noimageindex":false,"robots_noodp":false,"robots_notranslate":false,"robots_max_snippet":"-1","robots_max_videopreview":"-1","robots_max_imagepreview":"large","priority":null,"frequency":"default","local_seo":null,"breadcrumb_settings":null,"limit_modified_date":false,"ai":{"faqs":[],"keyPoints":[],"schemas":[],"titles":[],"descriptions":[],"socialPosts":{"email":{"subject":"","preview":"","content":""},"linkedin":[],"twitter":[],"facebook":[],"instagram":[]}},"created":"2026-08-31 18:12:48","updated":"2026-08-31 18:12:48","focus_keyword":null,"additional_keywords":null,"truseo_locale":null,"seo_analyzer_scan_date":null},"aioseo_breadcrumb":"<div class=\"aioseo-breadcrumbs\"><span class=\"aioseo-breadcrumb\">\n\t\t\t<a href=\"https:\/\/hervalfilho.com.br\" title=\"Home\">Home<\/a>\n\t\t<\/span><span class=\"aioseo-breadcrumb-separator\">&raquo;<\/span><span class=\"aioseo-breadcrumb\">\n\t\t\t<a href=\"https:\/\/hervalfilho.com.br\/index.php\/category\/poesias\/\" title=\"poesias\">poesias<\/a>\n\t\t<\/span><span class=\"aioseo-breadcrumb-separator\">&raquo;<\/span><span class=\"aioseo-breadcrumb\">\n\t\t\tGhost\n\t\t<\/span><\/div>","aioseo_breadcrumb_json":[{"label":"Home","link":"https:\/\/hervalfilho.com.br"},{"label":"poesias","link":"https:\/\/hervalfilho.com.br\/index.php\/category\/poesias\/"},{"label":"Ghost","link":"https:\/\/hervalfilho.com.br\/index.php\/2026\/08\/31\/ghost\/"}],"jetpack_likes_enabled":true,"jetpack_sharing_enabled":true,"jetpack_featured_media_url":"https:\/\/i0.wp.com\/hervalfilho.com.br\/wp-content\/uploads\/2026\/08\/Ghost-scaled.jpg?fit=2560%2C1396&ssl=1","_links":{"self":[{"href":"https:\/\/hervalfilho.com.br\/index.php\/wp-json\/wp\/v2\/posts\/3132","targetHints":{"allow":["GET"]}}],"collection":[{"href":"https:\/\/hervalfilho.com.br\/index.php\/wp-json\/wp\/v2\/posts"}],"about":[{"href":"https:\/\/hervalfilho.com.br\/index.php\/wp-json\/wp\/v2\/types\/post"}],"author":[{"embeddable":true,"href":"https:\/\/hervalfilho.com.br\/index.php\/wp-json\/wp\/v2\/users\/1"}],"replies":[{"embeddable":true,"href":"https:\/\/hervalfilho.com.br\/index.php\/wp-json\/wp\/v2\/comments?post=3132"}],"version-history":[{"count":1,"href":"https:\/\/hervalfilho.com.br\/index.php\/wp-json\/wp\/v2\/posts\/3132\/revisions"}],"predecessor-version":[{"id":3134,"href":"https:\/\/hervalfilho.com.br\/index.php\/wp-json\/wp\/v2\/posts\/3132\/revisions\/3134"}],"wp:featuredmedia":[{"embeddable":true,"href":"https:\/\/hervalfilho.com.br\/index.php\/wp-json\/wp\/v2\/media\/3133"}],"wp:attachment":[{"href":"https:\/\/hervalfilho.com.br\/index.php\/wp-json\/wp\/v2\/media?parent=3132"}],"wp:term":[{"taxonomy":"category","embeddable":true,"href":"https:\/\/hervalfilho.com.br\/index.php\/wp-json\/wp\/v2\/categories?post=3132"},{"taxonomy":"post_tag","embeddable":true,"href":"https:\/\/hervalfilho.com.br\/index.php\/wp-json\/wp\/v2\/tags?post=3132"}],"curies":[{"name":"wp","href":"https:\/\/api.w.org\/{rel}","templated":true}]}}