{"id":3135,"date":"2026-08-31T15:29:50","date_gmt":"2026-08-31T18:29:50","guid":{"rendered":"https:\/\/hervalfilho.com.br\/?p=3135"},"modified":"2026-08-31T15:29:51","modified_gmt":"2026-08-31T18:29:51","slug":"a-outra-face","status":"publish","type":"post","link":"https:\/\/hervalfilho.com.br\/index.php\/2026\/08\/31\/a-outra-face\/","title":{"rendered":"A Outra Face"},"content":{"rendered":"\n<p class=\"has-medium-font-size wp-block-paragraph\">H\u00e1 tempos que n\u00e3o vejo nos olhos<br>que j\u00e1 n\u00e3o sei se vou encontrar meu rosto\u00a0<br>em mim<br>Andando pelas ruas, vagando pela vida,<br>indeciso, sem rumo.<\/p>\n\n\n\n<p class=\"has-medium-font-size wp-block-paragraph\">H\u00e1 tempos que eu dizia para mim mesmo<br>que n\u00e3o sabia quem era<br>e o que pretendia<br>Andando pela vida, vagando pelas ruas,<br>decidido a me encontrar.<\/p>\n\n\n\n<p class=\"has-medium-font-size wp-block-paragraph\">Retornei ao passado<br>quando todo o tempo era c\u00famplice<br>dos meus sonhos,<br>quando os deuses conspiravam<br>pelos meus desejos,<br>mas h\u00e1 tempos que n\u00e3o vejo a mim.<\/p>\n\n\n\n<p class=\"has-medium-font-size wp-block-paragraph\">Decidido a me encontrar,<br>busquei-me no interior de mim mesmo<br>Descobri onde est\u00e1vamos meus desejos<br>Resgatei, ent\u00e3o, os meus sonhos<br>Mas n\u00e3o havia mais um rosto<br>Apenas ilus\u00f5es.<\/p>\n\n\n\n<figure class=\"wp-block-image size-full\"><img data-recalc-dims=\"1\" loading=\"lazy\" decoding=\"async\" width=\"141\" height=\"33\" src=\"https:\/\/i0.wp.com\/hervalfilho.com.br\/wp-content\/uploads\/2024\/08\/image.png?resize=141%2C33&#038;ssl=1\" alt=\"\" class=\"wp-image-2981\"\/><\/figure>\n","protected":false},"excerpt":{"rendered":"<p>H\u00e1 tempos que n\u00e3o vejo nos olhosque j\u00e1 n\u00e3o sei se vou encontrar meu rosto\u00a0em mimAndando pelas ruas, vagando pela vida,indeciso, sem rumo. H\u00e1 tempos que eu dizia para mim mesmoque n\u00e3o sabia quem erae o que pretendiaAndando pela vida,&#8230;<\/p>\n","protected":false},"author":1,"featured_media":3136,"comment_status":"open","ping_status":"open","sticky":false,"template":"","format":"standard","meta":{"om_disable_all_campaigns":false,"_monsterinsights_skip_tracking":false,"_kadence_starter_templates_imported_post":false,"_jetpack_newsletter_access":"","_jetpack_dont_email_post_to_subs":false,"_jetpack_newsletter_tier_id":0,"_jetpack_memberships_contains_paywalled_content":false,"_jetpack_feature_clip_id":0,"_jetpack_memberships_contains_paid_content":false,"footnotes":"","jetpack_post_was_ever_published":false},"categories":[23],"tags":[],"class_list":["post-3135","post","type-post","status-publish","format-standard","has-post-thumbnail","hentry","category-poesias"],"aioseo_notices":[],"aioseo_head":"\n\t\t<!-- All in One SEO 5.0.1.1 - aioseo.com -->\n\t<meta name=\"description\" content=\"H\u00e1 tempos que n\u00e3o vejo nos olhosque j\u00e1 n\u00e3o sei se vou encontrar meu rosto em mimAndando pelas ruas, vagando pela vida,indeciso, sem rumo. H\u00e1 tempos que eu dizia para mim mesmoque n\u00e3o sabia quem erae o que pretendiaAndando pela vida, vagando pelas ruas,decidido a me encontrar. Retornei ao passadoquando todo o tempo era c\u00famplicedos meus\" \/>\n\t<meta name=\"robots\" content=\"max-image-preview:large\" \/>\n\t<meta name=\"author\" content=\"hervalfilho\"\/>\n\t<meta name=\"google-site-verification\" content=\"d0OMqpFu5wlUqnLbtqh0dRWuH3bpfcwDvjb41n3BzCw\" \/>\n\t<link rel=\"canonical\" href=\"https:\/\/hervalfilho.com.br\/index.php\/2026\/08\/31\/a-outra-face\/\" \/>\n\t<meta name=\"generator\" content=\"All in One SEO (AIOSEO) 5.0.1.1\" \/>\n\t\t<meta property=\"og:locale\" content=\"pt_BR\" \/>\n\t\t<meta property=\"og:site_name\" content=\"Poemas In Natura - Vivo cada segundo sem saber contar o tempo...\" \/>\n\t\t<meta property=\"og:type\" content=\"article\" \/>\n\t\t<meta property=\"og:title\" content=\"A Outra Face - Poemas In Natura\" \/>\n\t\t<meta property=\"og:description\" content=\"H\u00e1 tempos que n\u00e3o vejo nos olhosque j\u00e1 n\u00e3o sei se vou encontrar meu rosto em mimAndando pelas ruas, vagando pela vida,indeciso, sem rumo. H\u00e1 tempos que eu dizia para mim mesmoque n\u00e3o sabia quem erae o que pretendiaAndando pela vida, vagando pelas ruas,decidido a me encontrar. Retornei ao passadoquando todo o tempo era c\u00famplicedos meus\" \/>\n\t\t<meta property=\"og:url\" content=\"https:\/\/hervalfilho.com.br\/index.php\/2026\/08\/31\/a-outra-face\/\" \/>\n\t\t<meta property=\"og:image\" content=\"https:\/\/hervalfilho.com.br\/wp-content\/uploads\/2022\/03\/Herval.jpg\" \/>\n\t\t<meta property=\"og:image:secure_url\" content=\"https:\/\/hervalfilho.com.br\/wp-content\/uploads\/2022\/03\/Herval.jpg\" \/>\n\t\t<meta property=\"og:image:width\" content=\"480\" \/>\n\t\t<meta property=\"og:image:height\" content=\"480\" \/>\n\t\t<meta property=\"article:published_time\" content=\"2026-08-31T18:29:50+00:00\" \/>\n\t\t<meta property=\"article:modified_time\" content=\"2026-08-31T18:29:51+00:00\" \/>\n\t\t<meta name=\"twitter:card\" content=\"summary\" \/>\n\t\t<meta name=\"twitter:title\" content=\"A Outra Face - Poemas In Natura\" \/>\n\t\t<meta name=\"twitter:description\" content=\"H\u00e1 tempos que n\u00e3o vejo nos olhosque j\u00e1 n\u00e3o sei se vou encontrar meu rosto em mimAndando pelas ruas, vagando pela vida,indeciso, sem rumo. H\u00e1 tempos que eu dizia para mim mesmoque n\u00e3o sabia quem erae o que pretendiaAndando pela vida, vagando pelas ruas,decidido a me encontrar. Retornei ao passadoquando todo o tempo era c\u00famplicedos meus\" \/>\n\t\t<meta name=\"twitter:image\" content=\"https:\/\/hervalfilho.com.br\/wp-content\/uploads\/2022\/03\/Herval.jpg\" \/>\n\t\t<script type=\"application\/ld+json\" class=\"aioseo-schema\">\n\t\t\t{\"@context\":\"https:\\\/\\\/schema.org\",\"@graph\":[{\"@type\":\"BlogPosting\",\"@id\":\"https:\\\/\\\/hervalfilho.com.br\\\/index.php\\\/2026\\\/08\\\/31\\\/a-outra-face\\\/#blogposting\",\"name\":\"A Outra Face - Poemas In Natura\",\"headline\":\"A Outra Face\",\"author\":{\"@id\":\"https:\\\/\\\/hervalfilho.com.br\\\/index.php\\\/author\\\/hervalfilho\\\/#author\"},\"publisher\":{\"@id\":\"https:\\\/\\\/hervalfilho.com.br\\\/#person\"},\"image\":{\"@type\":\"ImageObject\",\"url\":\"https:\\\/\\\/i0.wp.com\\\/hervalfilho.com.br\\\/wp-content\\\/uploads\\\/2026\\\/08\\\/A-Outra-Face-scaled.jpg?fit=2560%2C1396&ssl=1\",\"width\":2560,\"height\":1396},\"datePublished\":\"2026-08-31T15:29:50-03:00\",\"dateModified\":\"2026-08-31T15:29:51-03:00\",\"inLanguage\":\"pt-BR\",\"commentCount\":1,\"mainEntityOfPage\":{\"@id\":\"https:\\\/\\\/hervalfilho.com.br\\\/index.php\\\/2026\\\/08\\\/31\\\/a-outra-face\\\/#webpage\"},\"isPartOf\":{\"@id\":\"https:\\\/\\\/hervalfilho.com.br\\\/index.php\\\/2026\\\/08\\\/31\\\/a-outra-face\\\/#webpage\"},\"articleSection\":\"poesias\"},{\"@type\":\"BreadcrumbList\",\"@id\":\"https:\\\/\\\/hervalfilho.com.br\\\/index.php\\\/2026\\\/08\\\/31\\\/a-outra-face\\\/#breadcrumblist\",\"itemListElement\":[{\"@type\":\"ListItem\",\"@id\":\"https:\\\/\\\/hervalfilho.com.br#listItem\",\"position\":1,\"name\":\"Home\",\"item\":\"https:\\\/\\\/hervalfilho.com.br\",\"nextItem\":{\"@type\":\"ListItem\",\"@id\":\"https:\\\/\\\/hervalfilho.com.br\\\/index.php\\\/category\\\/poesias\\\/#listItem\",\"name\":\"poesias\"}},{\"@type\":\"ListItem\",\"@id\":\"https:\\\/\\\/hervalfilho.com.br\\\/index.php\\\/category\\\/poesias\\\/#listItem\",\"position\":2,\"name\":\"poesias\",\"item\":\"https:\\\/\\\/hervalfilho.com.br\\\/index.php\\\/category\\\/poesias\\\/\",\"nextItem\":{\"@type\":\"ListItem\",\"@id\":\"https:\\\/\\\/hervalfilho.com.br\\\/index.php\\\/2026\\\/08\\\/31\\\/a-outra-face\\\/#listItem\",\"name\":\"A Outra Face\"},\"previousItem\":{\"@type\":\"ListItem\",\"@id\":\"https:\\\/\\\/hervalfilho.com.br#listItem\",\"name\":\"Home\"}},{\"@type\":\"ListItem\",\"@id\":\"https:\\\/\\\/hervalfilho.com.br\\\/index.php\\\/2026\\\/08\\\/31\\\/a-outra-face\\\/#listItem\",\"position\":3,\"name\":\"A Outra Face\",\"previousItem\":{\"@type\":\"ListItem\",\"@id\":\"https:\\\/\\\/hervalfilho.com.br\\\/index.php\\\/category\\\/poesias\\\/#listItem\",\"name\":\"poesias\"}}]},{\"@type\":\"Person\",\"@id\":\"https:\\\/\\\/hervalfilho.com.br\\\/#person\",\"name\":\"hervalfilho\",\"image\":{\"@type\":\"ImageObject\",\"@id\":\"https:\\\/\\\/hervalfilho.com.br\\\/index.php\\\/2026\\\/08\\\/31\\\/a-outra-face\\\/#personImage\",\"url\":\"https:\\\/\\\/secure.gravatar.com\\\/avatar\\\/1ee12a8538d6e5f5edc71297f82f54687cae5dfb87528cd03f80a74c3487bf7d?s=96&d=mm&r=g\",\"width\":96,\"height\":96,\"caption\":\"hervalfilho\"}},{\"@type\":\"Person\",\"@id\":\"https:\\\/\\\/hervalfilho.com.br\\\/index.php\\\/author\\\/hervalfilho\\\/#author\",\"url\":\"https:\\\/\\\/hervalfilho.com.br\\\/index.php\\\/author\\\/hervalfilho\\\/\",\"name\":\"hervalfilho\",\"image\":{\"@type\":\"ImageObject\",\"@id\":\"https:\\\/\\\/hervalfilho.com.br\\\/index.php\\\/2026\\\/08\\\/31\\\/a-outra-face\\\/#authorImage\",\"url\":\"https:\\\/\\\/secure.gravatar.com\\\/avatar\\\/1ee12a8538d6e5f5edc71297f82f54687cae5dfb87528cd03f80a74c3487bf7d?s=96&d=mm&r=g\",\"width\":96,\"height\":96,\"caption\":\"hervalfilho\"}},{\"@type\":\"WebPage\",\"@id\":\"https:\\\/\\\/hervalfilho.com.br\\\/index.php\\\/2026\\\/08\\\/31\\\/a-outra-face\\\/#webpage\",\"url\":\"https:\\\/\\\/hervalfilho.com.br\\\/index.php\\\/2026\\\/08\\\/31\\\/a-outra-face\\\/\",\"name\":\"A Outra Face - Poemas In Natura\",\"description\":\"H\\u00e1 tempos que n\\u00e3o vejo nos olhosque j\\u00e1 n\\u00e3o sei se vou encontrar meu rosto em mimAndando pelas ruas, vagando pela vida,indeciso, sem rumo. H\\u00e1 tempos que eu dizia para mim mesmoque n\\u00e3o sabia quem erae o que pretendiaAndando pela vida, vagando pelas ruas,decidido a me encontrar. Retornei ao passadoquando todo o tempo era c\\u00famplicedos meus\",\"inLanguage\":\"pt-BR\",\"isPartOf\":{\"@id\":\"https:\\\/\\\/hervalfilho.com.br\\\/#website\"},\"breadcrumb\":{\"@id\":\"https:\\\/\\\/hervalfilho.com.br\\\/index.php\\\/2026\\\/08\\\/31\\\/a-outra-face\\\/#breadcrumblist\"},\"author\":{\"@id\":\"https:\\\/\\\/hervalfilho.com.br\\\/index.php\\\/author\\\/hervalfilho\\\/#author\"},\"creator\":{\"@id\":\"https:\\\/\\\/hervalfilho.com.br\\\/index.php\\\/author\\\/hervalfilho\\\/#author\"},\"image\":{\"@type\":\"ImageObject\",\"url\":\"https:\\\/\\\/i0.wp.com\\\/hervalfilho.com.br\\\/wp-content\\\/uploads\\\/2026\\\/08\\\/A-Outra-Face-scaled.jpg?fit=2560%2C1396&ssl=1\",\"@id\":\"https:\\\/\\\/hervalfilho.com.br\\\/index.php\\\/2026\\\/08\\\/31\\\/a-outra-face\\\/#mainImage\",\"width\":2560,\"height\":1396},\"primaryImageOfPage\":{\"@id\":\"https:\\\/\\\/hervalfilho.com.br\\\/index.php\\\/2026\\\/08\\\/31\\\/a-outra-face\\\/#mainImage\"},\"datePublished\":\"2026-08-31T15:29:50-03:00\",\"dateModified\":\"2026-08-31T15:29:51-03:00\"},{\"@type\":\"WebSite\",\"@id\":\"https:\\\/\\\/hervalfilho.com.br\\\/#website\",\"url\":\"https:\\\/\\\/hervalfilho.com.br\\\/\",\"name\":\"Poemas In Natura\",\"description\":\"Vivo cada segundo sem saber contar o tempo...\",\"inLanguage\":\"pt-BR\",\"publisher\":{\"@id\":\"https:\\\/\\\/hervalfilho.com.br\\\/#person\"}}]}\n\t\t<\/script>\n\t\t<!-- All in One SEO -->\n\n","aioseo_head_json":{"title":"A Outra Face - Poemas In Natura","description":"H\u00e1 tempos que n\u00e3o vejo nos olhosque j\u00e1 n\u00e3o sei se vou encontrar meu rosto em mimAndando pelas ruas, vagando pela vida,indeciso, sem rumo. H\u00e1 tempos que eu dizia para mim mesmoque n\u00e3o sabia quem erae o que pretendiaAndando pela vida, vagando pelas ruas,decidido a me encontrar. Retornei ao passadoquando todo o tempo era c\u00famplicedos meus","canonical_url":"https:\/\/hervalfilho.com.br\/index.php\/2026\/08\/31\/a-outra-face\/","robots":"max-image-preview:large","keywords":"","webmasterTools":{"google-site-verification":"d0OMqpFu5wlUqnLbtqh0dRWuH3bpfcwDvjb41n3BzCw","miscellaneous":""},"schema":{"@context":"https:\/\/schema.org","@graph":[{"@type":"BlogPosting","@id":"https:\/\/hervalfilho.com.br\/index.php\/2026\/08\/31\/a-outra-face\/#blogposting","name":"A Outra Face - Poemas In Natura","headline":"A Outra Face","author":{"@id":"https:\/\/hervalfilho.com.br\/index.php\/author\/hervalfilho\/#author"},"publisher":{"@id":"https:\/\/hervalfilho.com.br\/#person"},"image":{"@type":"ImageObject","url":"https:\/\/i0.wp.com\/hervalfilho.com.br\/wp-content\/uploads\/2026\/08\/A-Outra-Face-scaled.jpg?fit=2560%2C1396&ssl=1","width":2560,"height":1396},"datePublished":"2026-08-31T15:29:50-03:00","dateModified":"2026-08-31T15:29:51-03:00","inLanguage":"pt-BR","commentCount":1,"mainEntityOfPage":{"@id":"https:\/\/hervalfilho.com.br\/index.php\/2026\/08\/31\/a-outra-face\/#webpage"},"isPartOf":{"@id":"https:\/\/hervalfilho.com.br\/index.php\/2026\/08\/31\/a-outra-face\/#webpage"},"articleSection":"poesias"},{"@type":"BreadcrumbList","@id":"https:\/\/hervalfilho.com.br\/index.php\/2026\/08\/31\/a-outra-face\/#breadcrumblist","itemListElement":[{"@type":"ListItem","@id":"https:\/\/hervalfilho.com.br#listItem","position":1,"name":"Home","item":"https:\/\/hervalfilho.com.br","nextItem":{"@type":"ListItem","@id":"https:\/\/hervalfilho.com.br\/index.php\/category\/poesias\/#listItem","name":"poesias"}},{"@type":"ListItem","@id":"https:\/\/hervalfilho.com.br\/index.php\/category\/poesias\/#listItem","position":2,"name":"poesias","item":"https:\/\/hervalfilho.com.br\/index.php\/category\/poesias\/","nextItem":{"@type":"ListItem","@id":"https:\/\/hervalfilho.com.br\/index.php\/2026\/08\/31\/a-outra-face\/#listItem","name":"A Outra Face"},"previousItem":{"@type":"ListItem","@id":"https:\/\/hervalfilho.com.br#listItem","name":"Home"}},{"@type":"ListItem","@id":"https:\/\/hervalfilho.com.br\/index.php\/2026\/08\/31\/a-outra-face\/#listItem","position":3,"name":"A Outra Face","previousItem":{"@type":"ListItem","@id":"https:\/\/hervalfilho.com.br\/index.php\/category\/poesias\/#listItem","name":"poesias"}}]},{"@type":"Person","@id":"https:\/\/hervalfilho.com.br\/#person","name":"hervalfilho","image":{"@type":"ImageObject","@id":"https:\/\/hervalfilho.com.br\/index.php\/2026\/08\/31\/a-outra-face\/#personImage","url":"https:\/\/secure.gravatar.com\/avatar\/1ee12a8538d6e5f5edc71297f82f54687cae5dfb87528cd03f80a74c3487bf7d?s=96&d=mm&r=g","width":96,"height":96,"caption":"hervalfilho"}},{"@type":"Person","@id":"https:\/\/hervalfilho.com.br\/index.php\/author\/hervalfilho\/#author","url":"https:\/\/hervalfilho.com.br\/index.php\/author\/hervalfilho\/","name":"hervalfilho","image":{"@type":"ImageObject","@id":"https:\/\/hervalfilho.com.br\/index.php\/2026\/08\/31\/a-outra-face\/#authorImage","url":"https:\/\/secure.gravatar.com\/avatar\/1ee12a8538d6e5f5edc71297f82f54687cae5dfb87528cd03f80a74c3487bf7d?s=96&d=mm&r=g","width":96,"height":96,"caption":"hervalfilho"}},{"@type":"WebPage","@id":"https:\/\/hervalfilho.com.br\/index.php\/2026\/08\/31\/a-outra-face\/#webpage","url":"https:\/\/hervalfilho.com.br\/index.php\/2026\/08\/31\/a-outra-face\/","name":"A Outra Face - Poemas In Natura","description":"H\u00e1 tempos que n\u00e3o vejo nos olhosque j\u00e1 n\u00e3o sei se vou encontrar meu rosto em mimAndando pelas ruas, vagando pela vida,indeciso, sem rumo. H\u00e1 tempos que eu dizia para mim mesmoque n\u00e3o sabia quem erae o que pretendiaAndando pela vida, vagando pelas ruas,decidido a me encontrar. Retornei ao passadoquando todo o tempo era c\u00famplicedos meus","inLanguage":"pt-BR","isPartOf":{"@id":"https:\/\/hervalfilho.com.br\/#website"},"breadcrumb":{"@id":"https:\/\/hervalfilho.com.br\/index.php\/2026\/08\/31\/a-outra-face\/#breadcrumblist"},"author":{"@id":"https:\/\/hervalfilho.com.br\/index.php\/author\/hervalfilho\/#author"},"creator":{"@id":"https:\/\/hervalfilho.com.br\/index.php\/author\/hervalfilho\/#author"},"image":{"@type":"ImageObject","url":"https:\/\/i0.wp.com\/hervalfilho.com.br\/wp-content\/uploads\/2026\/08\/A-Outra-Face-scaled.jpg?fit=2560%2C1396&ssl=1","@id":"https:\/\/hervalfilho.com.br\/index.php\/2026\/08\/31\/a-outra-face\/#mainImage","width":2560,"height":1396},"primaryImageOfPage":{"@id":"https:\/\/hervalfilho.com.br\/index.php\/2026\/08\/31\/a-outra-face\/#mainImage"},"datePublished":"2026-08-31T15:29:50-03:00","dateModified":"2026-08-31T15:29:51-03:00"},{"@type":"WebSite","@id":"https:\/\/hervalfilho.com.br\/#website","url":"https:\/\/hervalfilho.com.br\/","name":"Poemas In Natura","description":"Vivo cada segundo sem saber contar o tempo...","inLanguage":"pt-BR","publisher":{"@id":"https:\/\/hervalfilho.com.br\/#person"}}]},"og:locale":"pt_BR","og:site_name":"Poemas In Natura - Vivo cada segundo sem saber contar o tempo...","og:type":"article","og:title":"A Outra Face - Poemas In Natura","og:description":"H\u00e1 tempos que n\u00e3o vejo nos olhosque j\u00e1 n\u00e3o sei se vou encontrar meu rosto em mimAndando pelas ruas, vagando pela vida,indeciso, sem rumo. H\u00e1 tempos que eu dizia para mim mesmoque n\u00e3o sabia quem erae o que pretendiaAndando pela vida, vagando pelas ruas,decidido a me encontrar. Retornei ao passadoquando todo o tempo era c\u00famplicedos meus","og:url":"https:\/\/hervalfilho.com.br\/index.php\/2026\/08\/31\/a-outra-face\/","og:image":"https:\/\/hervalfilho.com.br\/wp-content\/uploads\/2022\/03\/Herval.jpg","og:image:secure_url":"https:\/\/hervalfilho.com.br\/wp-content\/uploads\/2022\/03\/Herval.jpg","og:image:width":480,"og:image:height":480,"article:published_time":"2026-08-31T18:29:50+00:00","article:modified_time":"2026-08-31T18:29:51+00:00","twitter:card":"summary","twitter:title":"A Outra Face - Poemas In Natura","twitter:description":"H\u00e1 tempos que n\u00e3o vejo nos olhosque j\u00e1 n\u00e3o sei se vou encontrar meu rosto em mimAndando pelas ruas, vagando pela vida,indeciso, sem rumo. H\u00e1 tempos que eu dizia para mim mesmoque n\u00e3o sabia quem erae o que pretendiaAndando pela vida, vagando pelas ruas,decidido a me encontrar. Retornei ao passadoquando todo o tempo era c\u00famplicedos meus","twitter:image":"https:\/\/hervalfilho.com.br\/wp-content\/uploads\/2022\/03\/Herval.jpg"},"aioseo_meta_data":{"post_id":"3135","title":null,"description":null,"keywords":null,"keyphrases":{"focus":{"keyphrase":"","score":0,"analysis":{"keyphraseInTitle":{"score":0,"maxScore":9,"error":1}}},"additional":[]},"primary_term":null,"canonical_url":null,"og_title":null,"og_description":null,"og_object_type":"default","og_image_type":"default","og_image_url":null,"og_image_width":null,"og_image_height":null,"og_image_custom_url":null,"og_image_custom_fields":null,"og_video":"","og_custom_url":null,"og_article_section":null,"og_article_tags":null,"twitter_use_og":false,"twitter_card":"default","twitter_image_type":"default","twitter_image_url":null,"twitter_image_custom_url":null,"twitter_image_custom_fields":null,"twitter_title":null,"twitter_description":null,"schema":{"blockGraphs":[],"customGraphs":[],"default":{"data":{"Article":[],"Course":[],"Dataset":[],"FAQPage":[],"Movie":[],"Person":[],"Product":[],"ProductReview":[],"Car":[],"Recipe":[],"Service":[],"SoftwareApplication":[],"WebPage":[]},"graphName":"BlogPosting","isEnabled":true},"graphs":[]},"schema_type":"default","schema_type_options":null,"pillar_content":false,"robots_default":true,"robots_noindex":false,"robots_noarchive":false,"robots_nosnippet":false,"robots_nofollow":false,"robots_noimageindex":false,"robots_noodp":false,"robots_notranslate":false,"robots_max_snippet":"-1","robots_max_videopreview":"-1","robots_max_imagepreview":"large","priority":null,"frequency":"default","local_seo":null,"breadcrumb_settings":null,"limit_modified_date":false,"ai":{"faqs":[],"keyPoints":[],"schemas":[],"titles":[],"descriptions":[],"socialPosts":{"email":{"subject":"","preview":"","content":""},"linkedin":[],"twitter":[],"facebook":[],"instagram":[]}},"created":"2026-08-31 18:29:51","updated":"2026-08-31 18:29:51","focus_keyword":null,"additional_keywords":null,"truseo_locale":null,"seo_analyzer_scan_date":null},"aioseo_breadcrumb":"<div class=\"aioseo-breadcrumbs\"><span class=\"aioseo-breadcrumb\">\n\t\t\t<a href=\"https:\/\/hervalfilho.com.br\" title=\"Home\">Home<\/a>\n\t\t<\/span><span class=\"aioseo-breadcrumb-separator\">&raquo;<\/span><span class=\"aioseo-breadcrumb\">\n\t\t\t<a href=\"https:\/\/hervalfilho.com.br\/index.php\/category\/poesias\/\" title=\"poesias\">poesias<\/a>\n\t\t<\/span><span class=\"aioseo-breadcrumb-separator\">&raquo;<\/span><span class=\"aioseo-breadcrumb\">\n\t\t\tA Outra Face\n\t\t<\/span><\/div>","aioseo_breadcrumb_json":[{"label":"Home","link":"https:\/\/hervalfilho.com.br"},{"label":"poesias","link":"https:\/\/hervalfilho.com.br\/index.php\/category\/poesias\/"},{"label":"A Outra Face","link":"https:\/\/hervalfilho.com.br\/index.php\/2026\/08\/31\/a-outra-face\/"}],"jetpack_likes_enabled":true,"jetpack_sharing_enabled":true,"jetpack_featured_media_url":"https:\/\/i0.wp.com\/hervalfilho.com.br\/wp-content\/uploads\/2026\/08\/A-Outra-Face-scaled.jpg?fit=2560%2C1396&ssl=1","_links":{"self":[{"href":"https:\/\/hervalfilho.com.br\/index.php\/wp-json\/wp\/v2\/posts\/3135","targetHints":{"allow":["GET"]}}],"collection":[{"href":"https:\/\/hervalfilho.com.br\/index.php\/wp-json\/wp\/v2\/posts"}],"about":[{"href":"https:\/\/hervalfilho.com.br\/index.php\/wp-json\/wp\/v2\/types\/post"}],"author":[{"embeddable":true,"href":"https:\/\/hervalfilho.com.br\/index.php\/wp-json\/wp\/v2\/users\/1"}],"replies":[{"embeddable":true,"href":"https:\/\/hervalfilho.com.br\/index.php\/wp-json\/wp\/v2\/comments?post=3135"}],"version-history":[{"count":1,"href":"https:\/\/hervalfilho.com.br\/index.php\/wp-json\/wp\/v2\/posts\/3135\/revisions"}],"predecessor-version":[{"id":3137,"href":"https:\/\/hervalfilho.com.br\/index.php\/wp-json\/wp\/v2\/posts\/3135\/revisions\/3137"}],"wp:featuredmedia":[{"embeddable":true,"href":"https:\/\/hervalfilho.com.br\/index.php\/wp-json\/wp\/v2\/media\/3136"}],"wp:attachment":[{"href":"https:\/\/hervalfilho.com.br\/index.php\/wp-json\/wp\/v2\/media?parent=3135"}],"wp:term":[{"taxonomy":"category","embeddable":true,"href":"https:\/\/hervalfilho.com.br\/index.php\/wp-json\/wp\/v2\/categories?post=3135"},{"taxonomy":"post_tag","embeddable":true,"href":"https:\/\/hervalfilho.com.br\/index.php\/wp-json\/wp\/v2\/tags?post=3135"}],"curies":[{"name":"wp","href":"https:\/\/api.w.org\/{rel}","templated":true}]}}