{"id":415,"date":"2010-03-03T11:43:00","date_gmt":"2010-03-03T14:43:00","guid":{"rendered":"http:\/\/hervalfilho.wordpress.com\/2010\/03\/03\/prova-de-redacao-vestibular-2010-2"},"modified":"2010-03-03T11:43:00","modified_gmt":"2010-03-03T14:43:00","slug":"prova-de-redacao-vestibular-2010-2","status":"publish","type":"post","link":"https:\/\/hervalfilho.com.br\/index.php\/2010\/03\/03\/prova-de-redacao-vestibular-2010-2\/","title":{"rendered":"Prova de reda\u00e7\u00e3o \u2013 vestibular\u00a02010"},"content":{"rendered":"\n<div style=\"background-attachment:initial;background-color:white;background-image:initial;background-position:initial initial;background-repeat:initial initial;font:normal normal normal 13px\/19px Georgia, 'Times New Roman', 'Bitstream Charter', Times, serif;margin:0;padding:.6em;\">Omitirei o nome da faculdade para n\u00e3o discriminar. Do que jeito que vai a educa\u00e7\u00e3o no nosso pa\u00eds, poderia ser qualquer uma faculdade federal, estadual ou privada. Leiam as &#8220;p\u00e9rolas&#8221;, a seguir, cujo tema foi:<br>&#8220;A TV FORMA, INFORMA OU DEFORMA?&#8221;<p><\/p>\n<ul>\n<li>A TV possui um grau elevad\u00edssimo de informa\u00e7\u00f5es que nos enriquece de uma maneira pobre, pois se tornamos uns viciados deste ve\u00edculo de comunica\u00e7\u00e3o&#8221;.&nbsp;<span style=\"color:red;\">(Deus do c\u00e9u!)<\/span><\/li>\n<li>A TV no entanto \u00e9 um consumo que devemos consumir para nossa forma\u00e7\u00e3o, informa\u00e7\u00e3o e deforma\u00e7\u00e3o&#8221;.<span style=\"color:red;\">(Fant\u00e1stica!).<\/span><\/li>\n<li>A TV se estiver ligada pode formar uma s\u00e9rie de imagens, j\u00e1 desligada n\u00e3o&#8230;&#8221;<span style=\"color:red;\">&nbsp;(Sobrenatural).<\/span><\/li>\n<li>A TV deforma n\u00e3o s\u00f3 os sof\u00e1s por motivo da pessoa ficar bastante tempo intertida como tamb\u00e9m as vista&#8221;&nbsp;<span style=\"color:red;\">(Sem coment\u00e1rios).<\/span><\/li>\n<li>A televis\u00e3o passa para as pessoas que a vida \u00e9 um conto de f\u00e1bulas e com isso fabrica muitas cabe\u00e7as&#8221;&nbsp;<span style=\"color:red;\">(Como \u00e9 que pode?).<\/span><\/li>\n<li>Sempre ou quase sempre a TV est\u00e1 mais perto denosco (?), fazendo com que o telespectador solte o seu lado obscuro&#8221;&nbsp;<span style=\"color:red;\">(Esta \u00e9 imbat\u00edvel).<\/span><\/li>\n<li>A TV deforma a coluna, os m\u00fasculos e o organismo em geral&#8221;&nbsp;<span style=\"color:red;\">(\u00c9 praticamente uma c\u00e2mara de tortura!).<\/span><\/li>\n<li>A televis\u00e3o \u00e9 um meio de comunica\u00e7\u00e3o, audi\u00e7\u00e3o e porque n\u00e3o dizer de locomo\u00e7\u00e3o&#8221;<span style=\"color:red;\">&nbsp;(Tudo a ver).<\/span><\/li>\n<li>A TV \u00e9 o oxig\u00eanio que forma nossas id\u00e9ias&#8221;&nbsp;<span style=\"color:red;\">(Sem ela este indiv\u00edduo n\u00e3o pode viver).<\/span><\/li>\n<li>&#8230;por isso \u00e9 que podemos dizer que esse meio de transporte \u00e9 capaz de informar e deformar os homens&#8221;&nbsp;<span style=\"color:red;\">(Nunca tentei dirigir uma TV&#8230;.).<\/span><\/li>\n<li>A TV ezerce<span style=\"color:red;\">&nbsp;(Puxa!<\/span>!!) poder, levando informa\u00e7\u00f5es di\u00e1rias e porque n\u00e3o dizer hor\u00e1rias&#8221;&nbsp;<span style=\"color:red;\">(Esse, al\u00e9m de tudo, \u00e9 humorista!).<\/span><\/li>\n<li>E n\u00f3s estamos nos diluindo a cada dia e n\u00e3o se pode dizer que a TV n\u00e3o tem nada a ver com isso&#8221;<span style=\"color:red;\">&nbsp;(?).<\/span><\/li>\n<li>A televis\u00e3o leva fatos a trilhares de pessoas&#8221;&nbsp;<span style=\"color:red;\">(\u00c9 muita gente isso, n\u00e3o \u00e9 mesmo?).<\/span><\/li>\n<li>A TV acomoda aos tele &nbsp;inspectadores&#8221;&nbsp;<span style=\"color:red;\">(Socorro!!!!!!!!!!!!!).<\/span><\/li>\n<li>A informa\u00e7\u00e3o fornecida pela TV \u00e9 pac\u00edfica de falhas&#8221;&nbsp;<span style=\"color:red;\">(Vixe!)<\/span><\/li>\n<li>A televis\u00e3o pode ser definida como uma faca de trezgumes. Ela tanto pode formar, como informar, como deformar&#8221;&nbsp;<span style=\"color:red;\">(PQP, onde essa criatura arrumou esta faca???).<\/span><\/li>\n<\/ul>\n<\/div>\n","protected":false},"excerpt":{"rendered":"<p>Omitirei o nome da faculdade para n\u00e3o discriminar. Do que jeito que vai a educa\u00e7\u00e3o no nosso pa\u00eds, poderia ser qualquer uma faculdade federal, estadual ou privada. Leiam as &#8220;p\u00e9rolas&#8221;, a seguir, cujo tema foi:&#8220;A TV FORMA, INFORMA OU DEFORMA?&#8221;&#8230;<\/p>\n","protected":false},"author":1,"featured_media":0,"comment_status":"open","ping_status":"open","sticky":false,"template":"","format":"standard","meta":{"om_disable_all_campaigns":false,"_monsterinsights_skip_tracking":false,"_monsterinsights_sitenote_active":false,"_monsterinsights_sitenote_note":"","_monsterinsights_sitenote_category":0,"_kadence_starter_templates_imported_post":false,"_jetpack_memberships_contains_paid_content":false,"footnotes":""},"categories":[10],"tags":[],"class_list":["post-415","post","type-post","status-publish","format-standard","hentry","category-educacao"],"aioseo_notices":[],"jetpack_featured_media_url":"","jetpack_likes_enabled":true,"jetpack_sharing_enabled":true,"_links":{"self":[{"href":"https:\/\/hervalfilho.com.br\/index.php\/wp-json\/wp\/v2\/posts\/415","targetHints":{"allow":["GET"]}}],"collection":[{"href":"https:\/\/hervalfilho.com.br\/index.php\/wp-json\/wp\/v2\/posts"}],"about":[{"href":"https:\/\/hervalfilho.com.br\/index.php\/wp-json\/wp\/v2\/types\/post"}],"author":[{"embeddable":true,"href":"https:\/\/hervalfilho.com.br\/index.php\/wp-json\/wp\/v2\/users\/1"}],"replies":[{"embeddable":true,"href":"https:\/\/hervalfilho.com.br\/index.php\/wp-json\/wp\/v2\/comments?post=415"}],"version-history":[{"count":0,"href":"https:\/\/hervalfilho.com.br\/index.php\/wp-json\/wp\/v2\/posts\/415\/revisions"}],"wp:attachment":[{"href":"https:\/\/hervalfilho.com.br\/index.php\/wp-json\/wp\/v2\/media?parent=415"}],"wp:term":[{"taxonomy":"category","embeddable":true,"href":"https:\/\/hervalfilho.com.br\/index.php\/wp-json\/wp\/v2\/categories?post=415"},{"taxonomy":"post_tag","embeddable":true,"href":"https:\/\/hervalfilho.com.br\/index.php\/wp-json\/wp\/v2\/tags?post=415"}],"curies":[{"name":"wp","href":"https:\/\/api.w.org\/{rel}","templated":true}]}}