{"id":637,"date":"2010-05-14T10:25:40","date_gmt":"2010-05-14T13:25:40","guid":{"rendered":"http:\/\/hervalfilho.wordpress.com\/?p=637"},"modified":"2010-05-14T10:25:40","modified_gmt":"2010-05-14T13:25:40","slug":"vivendo-como-cao-e-gato","status":"publish","type":"post","link":"https:\/\/hervalfilho.com.br\/index.php\/2010\/05\/14\/vivendo-como-cao-e-gato\/","title":{"rendered":"Vivendo como c\u00e3o e gato"},"content":{"rendered":"\n<div class=\"wp-block-image\"><figure class=\"alignleft\"><a href=\"https:\/\/i0.wp.com\/hervalfilho.com.br\/wp-content\/uploads\/2010\/05\/destaque3.jpg?ssl=1\"><img data-recalc-dims=\"1\" loading=\"lazy\" decoding=\"async\" width=\"132\" height=\"102\" src=\"https:\/\/i0.wp.com\/hervalfilho.com.br\/wp-content\/uploads\/2010\/05\/destaque3.jpg?resize=132%2C102&#038;ssl=1\" alt=\"\" class=\"wp-image-712\" \/><\/a><\/figure><\/div>\n\n\n\n<p>\u00c9 da natureza humana o julgamento baseado em padr\u00f5es preestabelecidos. Da\u00ed surge o preconceito, a intoler\u00e2ncia, a falta de solidariedade.<\/p>\n\n\n\n<p>O que \u00e9 diferente nos assusta. Ficamos na retaguarda e na expectativa do pior. Sim, do pior. Muitos acreditam que \u00e9 melhor esperar o pior, porque assim n\u00e3o iremos nos decepcionar, por conta de expectativas positivas. O problema de pensar assim \u00e9 o \u201cefeito manada\u201d que criamos. &nbsp;O efeito manada se caracteriza pela a\u00e7\u00e3o individual de diversos agentes pondo em pr\u00e1tica uma mesma decis\u00e3o de forma quase simult\u00e2nea uns aos outros. Assemelham-se, dessa forma, aos animais de pastoreio.<\/p>\n\n\n\n<p>Vejam essa imagem que recebi de um amigo por e-mail. O que voc\u00ea pensaria? A resposta \u00e9: o obvio, n\u00e3o? Coitado do gatinho! Se n\u00e3o morrer afogado ter\u00e1 a m\u00e1 sorte de encontrar seu cl\u00e1ssico inimigo na sa\u00edda da piscina. O que ditado mesmo diz? <strong><span style=\"color:#0000ff;\">Eles vivem como c\u00e3o e gato!<\/span><\/strong><\/p>\n\n\n\n<div class=\"wp-block-image\"><figure class=\"aligncenter\"><a href=\"https:\/\/i0.wp.com\/hervalfilho.com.br\/wp-content\/uploads\/2010\/05\/salvamento1.jpg?ssl=1\"><img data-recalc-dims=\"1\" loading=\"lazy\" decoding=\"async\" width=\"640\" height=\"409\" src=\"https:\/\/i0.wp.com\/hervalfilho.com.br\/wp-content\/uploads\/2010\/05\/salvamento1.jpg?resize=640%2C409&#038;ssl=1\" alt=\"\" class=\"wp-image-638\" srcset=\"https:\/\/i0.wp.com\/hervalfilho.com.br\/wp-content\/uploads\/2010\/05\/salvamento1.jpg?w=678&amp;ssl=1 678w, https:\/\/i0.wp.com\/hervalfilho.com.br\/wp-content\/uploads\/2010\/05\/salvamento1.jpg?resize=300%2C192&amp;ssl=1 300w\" sizes=\"auto, (max-width: 640px) 100vw, 640px\" \/><\/a><\/figure><\/div>\n\n\n\n<p>Releiam por gentileza, sobre aquilo que escrevi no inicio do texto. Reflitamos todos sobre o resultado na pr\u00f3xima imagem e se cada um repensar suas atitudes faremos todos desse mundo um lugar melhor de se viver. Como diria uma amiga minha: A paz!<\/p>\n\n\n\n<div class=\"wp-block-image\"><figure class=\"aligncenter\"><a href=\"https:\/\/i0.wp.com\/hervalfilho.com.br\/wp-content\/uploads\/2010\/05\/salvamento2.jpg?ssl=1\"><img data-recalc-dims=\"1\" loading=\"lazy\" decoding=\"async\" width=\"640\" height=\"416\" src=\"https:\/\/i0.wp.com\/hervalfilho.com.br\/wp-content\/uploads\/2010\/05\/salvamento2.jpg?resize=640%2C416&#038;ssl=1\" alt=\"\" class=\"wp-image-639\" srcset=\"https:\/\/i0.wp.com\/hervalfilho.com.br\/wp-content\/uploads\/2010\/05\/salvamento2.jpg?w=683&amp;ssl=1 683w, https:\/\/i0.wp.com\/hervalfilho.com.br\/wp-content\/uploads\/2010\/05\/salvamento2.jpg?resize=300%2C195&amp;ssl=1 300w\" sizes=\"auto, (max-width: 640px) 100vw, 640px\" \/><\/a><\/figure><\/div>\n\n\n\n<div id=\"_mcePaste\" style=\"text-align:center;\"><strong>&#8221; N\u00f3s aprendemos<\/strong><\/div>\n\n\n\n<div id=\"_mcePaste\" style=\"text-align:center;\"><strong>a voar como os p\u00e1ssaros,<\/strong><\/div>\n\n\n\n<div id=\"_mcePaste\" style=\"text-align:center;\"><strong>a nadar como os peixes,<\/strong><\/div>\n\n\n\n<div id=\"_mcePaste\" style=\"text-align:center;\"><strong>mas ainda n\u00e3o aprendemos<\/strong><\/div>\n\n\n\n<div id=\"_mcePaste\" style=\"text-align:center;\"><strong>a conviver como irm\u00e3os &#8220;<\/strong><\/div>\n","protected":false},"excerpt":{"rendered":"<p>\u00c9 da natureza humana o julgamento baseado em padr\u00f5es preestabelecidos. Da\u00ed surge o preconceito, a intoler\u00e2ncia, a falta de solidariedade. O que \u00e9 diferente nos assusta. Ficamos na retaguarda e na expectativa do pior. Sim, do pior. Muitos acreditam que&#8230;<\/p>\n","protected":false},"author":1,"featured_media":0,"comment_status":"open","ping_status":"open","sticky":false,"template":"","format":"standard","meta":{"om_disable_all_campaigns":false,"_monsterinsights_skip_tracking":false,"_monsterinsights_sitenote_active":false,"_monsterinsights_sitenote_note":"","_monsterinsights_sitenote_category":0,"_kadence_starter_templates_imported_post":false,"_jetpack_memberships_contains_paid_content":false,"footnotes":""},"categories":[6],"tags":[],"class_list":["post-637","post","type-post","status-publish","format-standard","hentry","category-comportamento"],"aioseo_notices":[],"jetpack_featured_media_url":"","jetpack_likes_enabled":true,"jetpack_sharing_enabled":true,"_links":{"self":[{"href":"https:\/\/hervalfilho.com.br\/index.php\/wp-json\/wp\/v2\/posts\/637","targetHints":{"allow":["GET"]}}],"collection":[{"href":"https:\/\/hervalfilho.com.br\/index.php\/wp-json\/wp\/v2\/posts"}],"about":[{"href":"https:\/\/hervalfilho.com.br\/index.php\/wp-json\/wp\/v2\/types\/post"}],"author":[{"embeddable":true,"href":"https:\/\/hervalfilho.com.br\/index.php\/wp-json\/wp\/v2\/users\/1"}],"replies":[{"embeddable":true,"href":"https:\/\/hervalfilho.com.br\/index.php\/wp-json\/wp\/v2\/comments?post=637"}],"version-history":[{"count":0,"href":"https:\/\/hervalfilho.com.br\/index.php\/wp-json\/wp\/v2\/posts\/637\/revisions"}],"wp:attachment":[{"href":"https:\/\/hervalfilho.com.br\/index.php\/wp-json\/wp\/v2\/media?parent=637"}],"wp:term":[{"taxonomy":"category","embeddable":true,"href":"https:\/\/hervalfilho.com.br\/index.php\/wp-json\/wp\/v2\/categories?post=637"},{"taxonomy":"post_tag","embeddable":true,"href":"https:\/\/hervalfilho.com.br\/index.php\/wp-json\/wp\/v2\/tags?post=637"}],"curies":[{"name":"wp","href":"https:\/\/api.w.org\/{rel}","templated":true}]}}